{"id":2932,"date":"2023-09-10T12:00:35","date_gmt":"2023-09-10T12:00:35","guid":{"rendered":"https:\/\/romaniacurata.ro\/monitoruleducatiei\/?p=2932"},"modified":"2023-09-10T12:13:06","modified_gmt":"2023-09-10T12:13:06","slug":"afla-cine-este-bogdan-suruciuc-inspectorul-scolar-general-din-judetul-botosani","status":"publish","type":"post","link":"https:\/\/romaniacurata.ro\/monitoruleducatiei\/2023\/09\/10\/afla-cine-este-bogdan-suruciuc-inspectorul-scolar-general-din-judetul-botosani\/","title":{"rendered":"Afl\u0103 cine este Bogdan Suruciuc, inspectorul \u0219colar general din jude\u021bul Boto\u0219ani!"},"content":{"rendered":"\n<p>Suruciuc Bogdan Gheorghe este Inspectorul \u0218colar General al ISJ Boto\u0219ani din iunie 2022, potrivit <a href=\"https:\/\/www.edupedu.ro\/inspectorul-scolar-general-din-botosani-despre-cine-l-a-sustinut-sa-ajunga-inspector-sef-pe-judet-partidul-national-liberal-in-frunte-cu-domnul-presedinte-soptica-klaus-iohannis-in-2018-la-lansa\/\">edupedu<\/a>.<\/p>\n\n\n\n<h3 class=\"wp-block-heading\"><strong>Educa\u021bie \u0219i formare<\/strong><\/h3>\n\n\n\n<p>Studiile inspectorului Suruciuc Bogdan Gheorghe s-au axat pe domeniul educa\u021biei fizice \u0219i al sportului, fiind licen\u021biat \u0219i masterand \u00een acest sector. \u00cen acest sens, la momentul actual lucreaz\u0103 \u0219i la un doctorat, domeniul studiilor fiind acela\u0219i.<\/p>\n\n\n\n<ul class=\"wp-block-list\">\n<li>1999-2003 &#8211; \u00ee\u0219i ia diploma de licen\u021b\u0103 \u00een domeniul educa\u021biei fizice \u0219i a sportului de la Facultatea de Educa\u0163ie fizic\u0103 \u015fi Sport din cadrul Universit\u0103\u021bii &#8220;Alexandru Ioan Cuza\u201d din Ia\u0219i<\/li>\n\n\n\n<li>2003-2005 &#8211; ob\u021bine diploma de master \u00een management \u015fi marketing \u00een sport de la aceea\u0219i institu\u021bie<\/li>\n\n\n\n<li>2009-2013 &#8211; Gradul didactic I, Facultatea de Litere a Universit\u0103\u021bii &#8220;Alexandru Ioan Cuza\u201d<\/li>\n\n\n\n<li>2015-prezent &#8211; doctorat \u00een educa\u021bie fizic\u0103 \u0219i sport, Universitatea de Stat de Educa\u021bie Fizic\u0103 \u0219i Sport din Chi\u0219in\u0103u<\/li>\n<\/ul>\n\n\n\n<p>Pe l\u00e2ng\u0103 studii, Suruciuc Bogdan Gheorghe a participat la mai multe proiecte \u0219i cursuri referitoare la domeniul educa\u021bional, trei dintre ele \u00een str\u0103in\u0103tate. \u00cen Amsterdam a studiat programele <em>Global Education<\/em> \u0219i <em>The Intercultural Dimension<\/em> la The Network University \u0219i The North South Centre, iat \u00een Belgia a luat parte la cursul<em> Future classroom scenarios <\/em>la European Schoolnet Academy. Printre programele \u0219i cursurile la care a luat part \u00een \u021bar\u0103 se num\u0103r\u0103:&nbsp;<\/p>\n\n\n\n<ul class=\"wp-block-list\">\n<li>Abilit\u0103\u021bi didactice pentru inspec\u021bia special\u0103 la clas\u0103<\/li>\n\n\n\n<li>Management de proiect<\/li>\n\n\n\n<li>Leadership \u0219i management \u00een organiza\u021biile \u0219colare<\/li>\n\n\n\n<li>Management educa\u021bional<\/li>\n\n\n\n<li>Echipa \u00een organiza\u0163ie. Formarea echipelor performante<\/li>\n\n\n\n<li>Management Institu\u0163ional<\/li>\n\n\n\n<li>Managementul Inspec\u0163iei \u015ecolare<\/li>\n\n\n\n<li>Managementul clasei de elevi<\/li>\n\n\n\n<li>Formarea de speciali\u015fti \u00een evaluare\/ POSDRU<\/li>\n\n\n\n<li>Competen\u0163\u0103, inova\u0163ie \u015fi profesionalism prin TIC\/ POSDRU<\/li>\n\n\n\n<li>Managementul institu\u0163iilor educa\u0163ionale<\/li>\n\n\n\n<li>Abilit\u0103\u0163i de via\u0163\u0103 la adolescen\u0163i \u2013 prevenirea consumului de droguri<\/li>\n\n\n\n<li>Implementarea sistemului de control managerial\/intern<\/li>\n\n\n\n<li>Managementul Institu\u0163iilor Educa\u0163ionale<\/li>\n\n\n\n<li>e-MENTOR \u2013 curs POSDRU<\/li>\n<\/ul>\n\n\n\n<h3 class=\"wp-block-heading\"><strong>Experien\u021b\u0103 profesional\u0103<\/strong><\/h3>\n\n\n\n<p><strong><\/strong>Conform CV-ului publicat \u00een anul 2020, experien\u021ba sa profesional\u0103 a \u00eenceput \u00een anul 2003, cu un post de profesor de educa\u021bie fizic\u0103 la o \u0219coal\u0103 din Boto\u0219ani, dup\u0103 care, un an mai t\u00e2rziu, a preluat un alt post de profesor la o alt\u0103 unitate \u0219colar\u0103. A fost director la dou\u0103 \u0219coli gimnaziale, dup\u0103 care devine inspector \u0219colar \u0219i inspector \u0219colar general adjunct.&nbsp;<\/p>\n\n\n\n<ul class=\"wp-block-list\">\n<li>2003-2004 &#8211; profesor de educa\u0163ie fizic\u0103 \u015fi sport la \u015ecola General\u0103 cu clasele I \u2013 VIIII nr. 16 Boto\u015fani<\/li>\n\n\n\n<li>2004-prezent &#8211; profesor de educa\u0163ie fizic\u0103 \u015fi sport la Liceul Tehnologic Bucecea<\/li>\n\n\n\n<li>2009-2012 &#8211; director adjunct la Grupul \u0218colar Industrial Bucecea<\/li>\n\n\n\n<li>2017-2019 &#8211; director la \u0218coala Gimnazial\u0103 Nr. 1 C\u00e2nde\u0219ti<\/li>\n\n\n\n<li>2019-2021 &#8211; inspector \u0219colar<\/li>\n\n\n\n<li>2021-2022 &#8211; Inspector \u0218colar General Adjunct<\/li>\n<\/ul>\n\n\n\n<h3 class=\"wp-block-heading\"><strong>Avere \u0219i interese<\/strong><\/h3>\n\n\n\n<p>Conform declara\u021biei sale de interse, Suruciuc Bogdan Gheorghe de\u021bine:<\/p>\n\n\n\n<ul class=\"wp-block-list\">\n<li>un teren intravilan de 500 m2 cump\u0103rat \u00een 2008<\/li>\n\n\n\n<li>un apartament de 99 m2 cump\u0103rat \u00een 2022 \u00eempreun\u0103 cu so\u021bia sa<\/li>\n\n\n\n<li>un autoturism Mercedes fabricat \u00een 2011<\/li>\n<\/ul>\n\n\n\n<p>La momentul actual, inspectorul are dou\u0103 datorii, un credit \u00een valoare de 50000 RON contractat \u00een anul 2019 \u0219i scadent \u00een 2024 \u0219i un credit \u00een valoare de 380000 RON contractat \u00een anul 2022 \u0219i scadent \u00een 2052.<\/p>\n\n\n\n<p>Pe anul fiscal 2022, inspectorul a avut patru surse de venit:<\/p>\n\n\n\n<ul class=\"wp-block-list\">\n<li>88231 RON &#8211; Inspector \u0218colar General<\/li>\n\n\n\n<li>8040 RON &#8211; consilier local la Calea Nationala<\/li>\n\n\n\n<li>3486 RON &#8211; membru \u00een Consiliul de Administra\u021bie al Agen\u021biei Jude\u021bene pentru Ocuparea For\u021bei de Munc\u0103 Boto\u0219ani<\/li>\n\n\n\n<li>15120 RON &#8211; coordonatorul unui grup \u021bint\u0103 la ISJ Botosani<\/li>\n<\/ul>\n\n\n\n<p>Conform declara\u021biei sale de interese, Suruciuc Bogdan Gheorghe este pre\u0219edinte la PNL Bucecea.<\/p>\n\n\n\n<p>Mai mult, este asociat cu 2 p\u0103r\u021bi sociale \u00een valoare de 200 RON la BOGAUTO NEWCAR SRL, dar \u0219i asociat administrator la aceea\u0219i companie, ob\u021bin\u00e2nd astfel beneficii de 200 de RON.<\/p>\n\n\n\n<h3 class=\"wp-block-heading\"><strong>Apari\u021bii \u00een pres\u0103<\/strong><\/h3>\n\n\n\n<p>Suruciuc Bogdan Gheorghe <a href=\"https:\/\/www.facebook.com\/watch\/live\/?ref=watch_permalink&amp;v=545563610597307\">a declarat<\/a> pentru o emisiune c\u0103 a fost sus\u021binut de \u201cPartidul Na\u021bional Liberal \u00een frunte cu domnul pre\u0219edinte \u0218optic\u0103, inclusiv doamna Ada Macovei\u201d \u00een ob\u021binerea func\u021biei de Inspector \u0218colar General. Referitor la modul concret \u00een care a ob\u021binut aceast\u0103 func\u021bie, inspectorul a afirmat c\u0103 a avut norocul s\u0103 fi fost profesor: \u201c<em>Teoretic, pentru a accede \u00eentr-o astfel de func\u021bie trebuie s\u0103 ai o anumit\u0103 experien\u021b\u0103. Trebuie s\u0103 \u0219tii \u0219i treaba de profesor, \u0219i treaba de director, \u0219i treaba de inspector \u0219colar pentru c\u0103 eu consider c\u0103 cel pu\u021bin din postura de profesor, profesor de educa\u021bie fizic\u0103, \u00een momentul \u00een care le cer elevilor s\u0103 execute un exerci\u021biu, mai \u00eent\u00e2i trebuie s\u0103 \u00eel demonstrez: dac\u0103 nu pot eu s\u0103 \u00eel fac, nu pot s\u0103 cer nici altuia s\u0103 fac\u0103. Exact \u0219i aici, <\/em><strong><em>am avut norocul s\u0103 trec prin toate etapele \u0219i s\u0103 \u0219tiu cu ce se confrunt\u0103 fiecare pozi\u021bie \u00een parte \u0219i\u2026 am avut norocul \u0103sta<\/em><\/strong>\u201d.<\/p>\n\n\n\n<p><a href=\"https:\/\/botosaneanul.ro\/stirea-zile\/era-sa-vina-dar-nu-mai-vine-haos-la-conducerea-inspectoratului-colar-inainte-de-inceperea-scolii-ada-macovei-trecuta-iar-pe-linie-moarta\/\">Presa local\u0103<\/a> a preluat incidentul \u00eentr-un articol ce face o prezentare a procesului prin care Suruciuc Bogdan Gheorghe ar fi fost ales de PNL pentru func\u021bia de Inspector \u0218colar General: \u201c<em>A deranjat tocmai la v\u00e2rful ministerului printr-o serie de declara\u021bii prin care a mul\u021bumit pentru sus\u021binerea politic\u0103, de\u0219i \u00een acest caz profesorul care conduce sistemul de \u00eenv\u0103\u021b\u0103m\u00e2nt boto\u0219\u0103nean, a l\u0103sat deoparte ipocrizia \u0219i a prezentat lucrurile exact a\u0219a cum sunt, f\u0103r\u0103 o cosmetizare a realit\u0103\u021bii<\/em>.\u201d.<\/p>\n\n\n\n<p>Conform <a href=\"https:\/\/www.edupedu.ro\/inspectorul-scolar-general-din-botosani-despre-cine-l-a-sustinut-sa-ajunga-inspector-sef-pe-judet-partidul-national-liberal-in-frunte-cu-domnul-presedinte-soptica-klaus-iohannis-in-2018-la-lansa\/\">edupedu<\/a>, inspectorul ar fi candidat la func\u021bia de primar la alegerile din 2016.<\/p>\n\n\n\n<p>\u00cen 2015, Bogdan Gheorghe Suruciuc d\u0103dea un <a href=\"https:\/\/luceafarul.net\/bogdan-gheorghe-suruciuc-prin-educatie-si-cultura-sa-contribuim-la-dezvoltarea-comunitatii\">interviu<\/a> revistei Luceaf\u0103rul cu ocazia organiz\u0103rii unui spectacol. Unul din r\u0103spunsurile sale viza motivele pentru care a ales s\u0103 profeseze ca profesor \u0219i s\u0103 se implice \u00een plan politic, declar\u00e2nd c\u0103 provoc\u0103rile celor dou\u0103 domenii ar fi identice: \u201c<em>mi-a pl\u0103cut dintotdeauna s\u0103 lucrez cu copiii, cu tinerii pentru a contribui la formarea lor ca oameni educa\u0163i \u015fi instrui\u0163i pentru a face fa\u0163\u0103 confrunt\u0103rilor din via\u0163a care \u00eei a\u015fteapt\u0103. E un mediu \u00een care nu doar contribui la formarea personal\u0103 \u015fi profesional\u0103 a unor genera\u0163ii, ci, din care \u00eenve\u0163i \u015fi tu \u00een fiecare zi, care te face s\u0103-\u0163i dep\u0103\u015fe\u015fti limitele, s\u0103 ie\u015fi din spa\u0163iul t\u0103u de confort \u015fi s\u0103 te adaptezi, s\u0103 te reinventezi\u2026pentru c\u0103 niciun copil nu e la fel, nicio genera\u0163ie. Poate de aceea, am ales s\u0103 fiu profesor\u2026\u015fi, \u00een timp, <\/em><strong><em>am observat c\u0103 politic, trebuie s\u0103 te \u201econfrun\u0163i\u201d cu acelea\u015fi provoc\u0103ri, s\u0103 evoluezi \u00eentr-un context asem\u0103n\u0103tor.<\/em><\/strong>\u201c.<\/p>\n","protected":false},"excerpt":{"rendered":"<p>Suruciuc Bogdan Gheorghe este Inspectorul \u0218colar General al ISJ Boto\u0219ani din iunie 2022, potrivit edupedu. Educa\u021bie \u0219i formare Studiile inspectorului Suruciuc Bogdan Gheorghe s-au axat pe domeniul educa\u021biei fizice \u0219i al sportului, fiind licen\u021biat \u0219i masterand \u00een acest sector. \u00cen acest sens, la momentul actual lucreaz\u0103 \u0219i la un doctorat, domeniul studiilor fiind acela\u0219i. Pe l\u00e2ng\u0103 studii, Suruciuc Bogdan Gheorghe a participat la mai multe&#8230; <\/p>\n<p class=\"more\"><a class=\"more-link\" href=\"https:\/\/romaniacurata.ro\/monitoruleducatiei\/2023\/09\/10\/afla-cine-este-bogdan-suruciuc-inspectorul-scolar-general-din-judetul-botosani\/\">Read More<\/a><\/p>\n","protected":false},"author":3,"featured_media":2939,"comment_status":"open","ping_status":"open","sticky":false,"template":"","format":"standard","meta":{"footnotes":""},"categories":[32],"tags":[],"class_list":["post-2932","post","type-post","status-publish","format-standard","has-post-thumbnail","hentry","category-biografii-parlamentari"],"yoast_head":"<!-- This site is optimized with the Yoast SEO plugin v20.0 - https:\/\/yoast.com\/wordpress\/plugins\/seo\/ -->\n<title>Afl\u0103 cine este Bogdan Suruciuc, inspectorul \u0219colar general din jude\u021bul Boto\u0219ani! - extemporal parlamentar<\/title>\n<meta name=\"robots\" content=\"index, follow, max-snippet:-1, max-image-preview:large, max-video-preview:-1\" \/>\n<link rel=\"canonical\" href=\"https:\/\/romaniacurata.ro\/monitoruleducatiei\/2023\/09\/10\/afla-cine-este-bogdan-suruciuc-inspectorul-scolar-general-din-judetul-botosani\/\" \/>\n<meta property=\"og:locale\" content=\"en_US\" \/>\n<meta property=\"og:type\" content=\"article\" \/>\n<meta property=\"og:title\" content=\"Afl\u0103 cine este Bogdan Suruciuc, inspectorul \u0219colar general din jude\u021bul Boto\u0219ani! - extemporal parlamentar\" \/>\n<meta property=\"og:description\" content=\"Suruciuc Bogdan Gheorghe este Inspectorul \u0218colar General al ISJ Boto\u0219ani din iunie 2022, potrivit edupedu. Educa\u021bie \u0219i formare Studiile inspectorului Suruciuc Bogdan Gheorghe s-au axat pe domeniul educa\u021biei fizice \u0219i al sportului, fiind licen\u021biat \u0219i masterand \u00een acest sector. \u00cen acest sens, la momentul actual lucreaz\u0103 \u0219i la un doctorat, domeniul studiilor fiind acela\u0219i. Pe l\u00e2ng\u0103 studii, Suruciuc Bogdan Gheorghe a participat la mai multe... Read More\" \/>\n<meta property=\"og:url\" content=\"https:\/\/romaniacurata.ro\/monitoruleducatiei\/2023\/09\/10\/afla-cine-este-bogdan-suruciuc-inspectorul-scolar-general-din-judetul-botosani\/\" \/>\n<meta property=\"og:site_name\" content=\"extemporal parlamentar\" \/>\n<meta property=\"article:published_time\" content=\"2023-09-10T12:00:35+00:00\" \/>\n<meta property=\"article:modified_time\" content=\"2023-09-10T12:13:06+00:00\" \/>\n<meta property=\"og:image\" content=\"https:\/\/romaniacurata.ro\/monitoruleducatiei\/wp-content\/uploads\/2023\/09\/1-inspectorul-scolar-general-bogdan-suruciuc-anunt-despre-pregatirea-scolilor-din-sediul-pnl-sunt-unele-probleme-1.jpg\" \/>\n\t<meta property=\"og:image:width\" content=\"800\" \/>\n\t<meta property=\"og:image:height\" content=\"800\" \/>\n\t<meta property=\"og:image:type\" content=\"image\/jpeg\" \/>\n<meta name=\"author\" content=\"Oana-Maria Mircic\u0103\" \/>\n<meta name=\"twitter:card\" content=\"summary_large_image\" \/>\n<meta name=\"twitter:label1\" content=\"Written by\" \/>\n\t<meta name=\"twitter:data1\" content=\"Oana-Maria Mircic\u0103\" \/>\n\t<meta name=\"twitter:label2\" content=\"Est. reading time\" \/>\n\t<meta name=\"twitter:data2\" content=\"5 minutes\" \/>\n<script type=\"application\/ld+json\" class=\"yoast-schema-graph\">{\"@context\":\"https:\/\/schema.org\",\"@graph\":[{\"@type\":\"WebPage\",\"@id\":\"https:\/\/romaniacurata.ro\/monitoruleducatiei\/2023\/09\/10\/afla-cine-este-bogdan-suruciuc-inspectorul-scolar-general-din-judetul-botosani\/\",\"url\":\"https:\/\/romaniacurata.ro\/monitoruleducatiei\/2023\/09\/10\/afla-cine-este-bogdan-suruciuc-inspectorul-scolar-general-din-judetul-botosani\/\",\"name\":\"Afl\u0103 cine este Bogdan Suruciuc, inspectorul \u0219colar general din jude\u021bul Boto\u0219ani! - extemporal parlamentar\",\"isPartOf\":{\"@id\":\"https:\/\/romaniacurata.ro\/monitoruleducatiei\/#website\"},\"datePublished\":\"2023-09-10T12:00:35+00:00\",\"dateModified\":\"2023-09-10T12:13:06+00:00\",\"author\":{\"@id\":\"https:\/\/romaniacurata.ro\/monitoruleducatiei\/#\/schema\/person\/ba650caf2dee01e500c5bbbc1c0a0c8d\"},\"breadcrumb\":{\"@id\":\"https:\/\/romaniacurata.ro\/monitoruleducatiei\/2023\/09\/10\/afla-cine-este-bogdan-suruciuc-inspectorul-scolar-general-din-judetul-botosani\/#breadcrumb\"},\"inLanguage\":\"en-US\",\"potentialAction\":[{\"@type\":\"ReadAction\",\"target\":[\"https:\/\/romaniacurata.ro\/monitoruleducatiei\/2023\/09\/10\/afla-cine-este-bogdan-suruciuc-inspectorul-scolar-general-din-judetul-botosani\/\"]}]},{\"@type\":\"BreadcrumbList\",\"@id\":\"https:\/\/romaniacurata.ro\/monitoruleducatiei\/2023\/09\/10\/afla-cine-este-bogdan-suruciuc-inspectorul-scolar-general-din-judetul-botosani\/#breadcrumb\",\"itemListElement\":[{\"@type\":\"ListItem\",\"position\":1,\"name\":\"Home\",\"item\":\"https:\/\/romaniacurata.ro\/monitoruleducatiei\/\"},{\"@type\":\"ListItem\",\"position\":2,\"name\":\"Afl\u0103 cine este Bogdan Suruciuc, inspectorul \u0219colar general din jude\u021bul Boto\u0219ani!\"}]},{\"@type\":\"WebSite\",\"@id\":\"https:\/\/romaniacurata.ro\/monitoruleducatiei\/#website\",\"url\":\"https:\/\/romaniacurata.ro\/monitoruleducatiei\/\",\"name\":\"extemporal parlamentar\",\"description\":\"\",\"potentialAction\":[{\"@type\":\"SearchAction\",\"target\":{\"@type\":\"EntryPoint\",\"urlTemplate\":\"https:\/\/romaniacurata.ro\/monitoruleducatiei\/?s={search_term_string}\"},\"query-input\":\"required name=search_term_string\"}],\"inLanguage\":\"en-US\"},{\"@type\":\"Person\",\"@id\":\"https:\/\/romaniacurata.ro\/monitoruleducatiei\/#\/schema\/person\/ba650caf2dee01e500c5bbbc1c0a0c8d\",\"name\":\"Oana-Maria Mircic\u0103\",\"image\":{\"@type\":\"ImageObject\",\"inLanguage\":\"en-US\",\"@id\":\"https:\/\/romaniacurata.ro\/monitoruleducatiei\/#\/schema\/person\/image\/\",\"url\":\"https:\/\/secure.gravatar.com\/avatar\/731aca17c67edad36606abe59bb23d2b202f767a6060d49813ef4a13f758c011?s=96&d=mm&r=g\",\"contentUrl\":\"https:\/\/secure.gravatar.com\/avatar\/731aca17c67edad36606abe59bb23d2b202f767a6060d49813ef4a13f758c011?s=96&d=mm&r=g\",\"caption\":\"Oana-Maria Mircic\u0103\"},\"description\":\"Oana are 18 ani \u0219i este elev\u0103 \u00een cadrul Liceului Teoretic \u201eTraian\u201d din Municipiul Constan\u021ba. Dup\u0103 spusele sale, \u201eDezinformarea din spa\u021biul public, precum \u0219i dificultatea cu care cet\u0103\u021beanul de r\u00e2nd ar putea s\u0103 fie informat corect, nu pot dec\u00e2t s\u0103 m\u0103 \u00eengrijoreze. Pentru dezvoltarea s\u0103n\u0103toas\u0103 a unei societ\u0103\u021bi, un interes semnificativ ar trebui s\u0103 fie acordat educa\u021biei\u201d\",\"url\":\"https:\/\/romaniacurata.ro\/monitoruleducatiei\/author\/oanamircica\/\"}]}<\/script>\n<!-- \/ Yoast SEO plugin. -->","yoast_head_json":{"title":"Afl\u0103 cine este Bogdan Suruciuc, inspectorul \u0219colar general din jude\u021bul Boto\u0219ani! - extemporal parlamentar","robots":{"index":"index","follow":"follow","max-snippet":"max-snippet:-1","max-image-preview":"max-image-preview:large","max-video-preview":"max-video-preview:-1"},"canonical":"https:\/\/romaniacurata.ro\/monitoruleducatiei\/2023\/09\/10\/afla-cine-este-bogdan-suruciuc-inspectorul-scolar-general-din-judetul-botosani\/","og_locale":"en_US","og_type":"article","og_title":"Afl\u0103 cine este Bogdan Suruciuc, inspectorul \u0219colar general din jude\u021bul Boto\u0219ani! - extemporal parlamentar","og_description":"Suruciuc Bogdan Gheorghe este Inspectorul \u0218colar General al ISJ Boto\u0219ani din iunie 2022, potrivit edupedu. Educa\u021bie \u0219i formare Studiile inspectorului Suruciuc Bogdan Gheorghe s-au axat pe domeniul educa\u021biei fizice \u0219i al sportului, fiind licen\u021biat \u0219i masterand \u00een acest sector. \u00cen acest sens, la momentul actual lucreaz\u0103 \u0219i la un doctorat, domeniul studiilor fiind acela\u0219i. Pe l\u00e2ng\u0103 studii, Suruciuc Bogdan Gheorghe a participat la mai multe... Read More","og_url":"https:\/\/romaniacurata.ro\/monitoruleducatiei\/2023\/09\/10\/afla-cine-este-bogdan-suruciuc-inspectorul-scolar-general-din-judetul-botosani\/","og_site_name":"extemporal parlamentar","article_published_time":"2023-09-10T12:00:35+00:00","article_modified_time":"2023-09-10T12:13:06+00:00","og_image":[{"width":800,"height":800,"url":"https:\/\/romaniacurata.ro\/monitoruleducatiei\/wp-content\/uploads\/2023\/09\/1-inspectorul-scolar-general-bogdan-suruciuc-anunt-despre-pregatirea-scolilor-din-sediul-pnl-sunt-unele-probleme-1.jpg","type":"image\/jpeg"}],"author":"Oana-Maria Mircic\u0103","twitter_card":"summary_large_image","twitter_misc":{"Written by":"Oana-Maria Mircic\u0103","Est. reading time":"5 minutes"},"schema":{"@context":"https:\/\/schema.org","@graph":[{"@type":"WebPage","@id":"https:\/\/romaniacurata.ro\/monitoruleducatiei\/2023\/09\/10\/afla-cine-este-bogdan-suruciuc-inspectorul-scolar-general-din-judetul-botosani\/","url":"https:\/\/romaniacurata.ro\/monitoruleducatiei\/2023\/09\/10\/afla-cine-este-bogdan-suruciuc-inspectorul-scolar-general-din-judetul-botosani\/","name":"Afl\u0103 cine este Bogdan Suruciuc, inspectorul \u0219colar general din jude\u021bul Boto\u0219ani! - extemporal parlamentar","isPartOf":{"@id":"https:\/\/romaniacurata.ro\/monitoruleducatiei\/#website"},"datePublished":"2023-09-10T12:00:35+00:00","dateModified":"2023-09-10T12:13:06+00:00","author":{"@id":"https:\/\/romaniacurata.ro\/monitoruleducatiei\/#\/schema\/person\/ba650caf2dee01e500c5bbbc1c0a0c8d"},"breadcrumb":{"@id":"https:\/\/romaniacurata.ro\/monitoruleducatiei\/2023\/09\/10\/afla-cine-este-bogdan-suruciuc-inspectorul-scolar-general-din-judetul-botosani\/#breadcrumb"},"inLanguage":"en-US","potentialAction":[{"@type":"ReadAction","target":["https:\/\/romaniacurata.ro\/monitoruleducatiei\/2023\/09\/10\/afla-cine-este-bogdan-suruciuc-inspectorul-scolar-general-din-judetul-botosani\/"]}]},{"@type":"BreadcrumbList","@id":"https:\/\/romaniacurata.ro\/monitoruleducatiei\/2023\/09\/10\/afla-cine-este-bogdan-suruciuc-inspectorul-scolar-general-din-judetul-botosani\/#breadcrumb","itemListElement":[{"@type":"ListItem","position":1,"name":"Home","item":"https:\/\/romaniacurata.ro\/monitoruleducatiei\/"},{"@type":"ListItem","position":2,"name":"Afl\u0103 cine este Bogdan Suruciuc, inspectorul \u0219colar general din jude\u021bul Boto\u0219ani!"}]},{"@type":"WebSite","@id":"https:\/\/romaniacurata.ro\/monitoruleducatiei\/#website","url":"https:\/\/romaniacurata.ro\/monitoruleducatiei\/","name":"extemporal parlamentar","description":"","potentialAction":[{"@type":"SearchAction","target":{"@type":"EntryPoint","urlTemplate":"https:\/\/romaniacurata.ro\/monitoruleducatiei\/?s={search_term_string}"},"query-input":"required name=search_term_string"}],"inLanguage":"en-US"},{"@type":"Person","@id":"https:\/\/romaniacurata.ro\/monitoruleducatiei\/#\/schema\/person\/ba650caf2dee01e500c5bbbc1c0a0c8d","name":"Oana-Maria Mircic\u0103","image":{"@type":"ImageObject","inLanguage":"en-US","@id":"https:\/\/romaniacurata.ro\/monitoruleducatiei\/#\/schema\/person\/image\/","url":"https:\/\/secure.gravatar.com\/avatar\/731aca17c67edad36606abe59bb23d2b202f767a6060d49813ef4a13f758c011?s=96&d=mm&r=g","contentUrl":"https:\/\/secure.gravatar.com\/avatar\/731aca17c67edad36606abe59bb23d2b202f767a6060d49813ef4a13f758c011?s=96&d=mm&r=g","caption":"Oana-Maria Mircic\u0103"},"description":"Oana are 18 ani \u0219i este elev\u0103 \u00een cadrul Liceului Teoretic \u201eTraian\u201d din Municipiul Constan\u021ba. Dup\u0103 spusele sale, \u201eDezinformarea din spa\u021biul public, precum \u0219i dificultatea cu care cet\u0103\u021beanul de r\u00e2nd ar putea s\u0103 fie informat corect, nu pot dec\u00e2t s\u0103 m\u0103 \u00eengrijoreze. Pentru dezvoltarea s\u0103n\u0103toas\u0103 a unei societ\u0103\u021bi, un interes semnificativ ar trebui s\u0103 fie acordat educa\u021biei\u201d","url":"https:\/\/romaniacurata.ro\/monitoruleducatiei\/author\/oanamircica\/"}]}},"_links":{"self":[{"href":"https:\/\/romaniacurata.ro\/monitoruleducatiei\/wp-json\/wp\/v2\/posts\/2932","targetHints":{"allow":["GET"]}}],"collection":[{"href":"https:\/\/romaniacurata.ro\/monitoruleducatiei\/wp-json\/wp\/v2\/posts"}],"about":[{"href":"https:\/\/romaniacurata.ro\/monitoruleducatiei\/wp-json\/wp\/v2\/types\/post"}],"author":[{"embeddable":true,"href":"https:\/\/romaniacurata.ro\/monitoruleducatiei\/wp-json\/wp\/v2\/users\/3"}],"replies":[{"embeddable":true,"href":"https:\/\/romaniacurata.ro\/monitoruleducatiei\/wp-json\/wp\/v2\/comments?post=2932"}],"version-history":[{"count":1,"href":"https:\/\/romaniacurata.ro\/monitoruleducatiei\/wp-json\/wp\/v2\/posts\/2932\/revisions"}],"predecessor-version":[{"id":2934,"href":"https:\/\/romaniacurata.ro\/monitoruleducatiei\/wp-json\/wp\/v2\/posts\/2932\/revisions\/2934"}],"wp:featuredmedia":[{"embeddable":true,"href":"https:\/\/romaniacurata.ro\/monitoruleducatiei\/wp-json\/wp\/v2\/media\/2939"}],"wp:attachment":[{"href":"https:\/\/romaniacurata.ro\/monitoruleducatiei\/wp-json\/wp\/v2\/media?parent=2932"}],"wp:term":[{"taxonomy":"category","embeddable":true,"href":"https:\/\/romaniacurata.ro\/monitoruleducatiei\/wp-json\/wp\/v2\/categories?post=2932"},{"taxonomy":"post_tag","embeddable":true,"href":"https:\/\/romaniacurata.ro\/monitoruleducatiei\/wp-json\/wp\/v2\/tags?post=2932"}],"curies":[{"name":"wp","href":"https:\/\/api.w.org\/{rel}","templated":true}]}}