{"id":2935,"date":"2023-09-10T12:10:26","date_gmt":"2023-09-10T12:10:26","guid":{"rendered":"https:\/\/romaniacurata.ro\/monitoruleducatiei\/?p=2935"},"modified":"2023-09-10T12:10:28","modified_gmt":"2023-09-10T12:10:28","slug":"afla-cine-este-gabriela-marchitan-inspectorul-scolar-general-din-judetul-vrancea","status":"publish","type":"post","link":"https:\/\/romaniacurata.ro\/monitoruleducatiei\/2023\/09\/10\/afla-cine-este-gabriela-marchitan-inspectorul-scolar-general-din-judetul-vrancea\/","title":{"rendered":"Afl\u0103 cine este Gabriela Marchitan, inspectorul \u0219colar general din jude\u021bul Vrancea!"},"content":{"rendered":"\n<p>Marchitan Gabriela-Daniela este Inspectorul \u0218colar General al ISJ Vrancea din septembrie 2020, conform <a href=\"https:\/\/adevarul.ro\/stiri-locale\/focsani\/cv-ul-plin-de-greseli-al-noii-sefe-a-2043370.html\">adev\u0103rul<\/a>.<\/p>\n\n\n\n<p>Conform CV-ului CV-ului doamnei Marchitan Gabriela-Daniela, aceasta a ocupat de dou\u0103 ori func\u021bia de inspector \u0219colar general adjunct, fiind \u0219i profesor la Colegiul Tehnic \u201cEdmond Nicolau\u201d \u00een perioada 2016-2019. Men\u021bion\u0103m c\u0103 inspectoarea nu a trecut \u00een CV aspecte referitoare la parcursul ei educa\u021bional.<\/p>\n\n\n\n<p>CV-ul mai sus men\u021bionat a fost obiectul unor controverse \u00een anul 2020, cu ocazia \u00eenvestirii \u00een func\u021bia de Inspector \u0218colar General. Un articol publicat de <a href=\"https:\/\/adevarul.ro\/stiri-locale\/focsani\/cv-ul-plin-de-greseli-al-noii-sefe-a-2043370.html\">adev\u0103rul<\/a> trata subiectul CV-ului inspectoarei publicat pe pagina ISJ care con\u021binea mai multe gre\u0219eli. Printre acestea se num\u0103rau \u201epre\u015fedinte \u00eencadrul Olimpiadelor\u201d,&nbsp; \u201epre\u015fedinte a Comisiel jude\u0163ene de examen\u201d. La momentul actual, CV-ul nu mai este publicat pe site-ul ISJ. Link-ul care ar fi trebuit s\u0103 con\u021bin\u0103 documentul mai sus men\u021bionat nu face altceva dec\u00e2t s\u0103 revin\u0103 la pagina organigramei ISJ Vrancea.<\/p>\n\n\n\n<h3 class=\"wp-block-heading\"><strong>Avere&nbsp;<\/strong><\/h3>\n\n\n\n<p>\u00cen anul 2022, Marchitan Gabriela-Daniela \u0219i-a cump\u0103rat trei terenuri intravilane. Dou\u0103 dintre ele, de 507 m2, respectiv 128 m2, se afl\u0103 \u00een Foc\u0219ani. Al treilea, de 1205 m2, se afl\u0103 \u00een localitatea Suraia.<\/p>\n\n\n\n<p>Tot \u00een anul 2022, inspectoarea \u0219i-a cump\u0103rat o cas\u0103 de locuit de 155 m2 \u00een localitatea Suraia. \u00cen luna martie a aceluia\u0219i an a \u00eenstr\u0103inat un apartament prin partaj voluntar lui Marchitan Dorin.<\/p>\n\n\n\n<p>\u00cen declara\u021bia de avere publicat\u0103 \u00een anul 2022 de\u021binea un autoturism Fiat fabricat \u00een anul 2007. \u00cen declara\u021bia de avere publicat\u0103 \u00een 2023, inspectoarea a ad\u0103ugat un autoturism Opel din 2015.<\/p>\n\n\n\n<p>\u00cen anul fiscal 2022, Marchitan Gabriela-Daniela a primit un salariu de 118.067 RON numai din func\u021bia de Inspector \u0218colar General. Acesteia i se adaug\u0103 10.256 RON, salariul de profesor, indemniza\u021bia de consilier jude\u021bean de 13.140 RON, 3.630 RON pentru func\u021bia de membru \u00een consiliul consultativ la Agentia Judeteana pentru Ocuparea Fortei de Munca Vrancea \u0219i 73 RON de la Universitatea din Bucure\u0219ti pentru servicii de evaluare. \u00cen medie, inspectoarea ar fi avut o sum\u0103 de peste 12.000 de RON \u00een fiecare lun\u0103.<\/p>\n\n\n\n<h3 class=\"wp-block-heading\"><strong>Apari\u021bii \u00een pres\u0103<\/strong><\/h3>\n\n\n\n<p>Conform unui articol publicat de <a href=\"https:\/\/adevarul.ro\/stiri-locale\/focsani\/inca-o-pupila-a-ministrului-grinda-numita-2042874.html\">adev\u0103rul<\/a> \u00een anul 2020, Marchitan Gabriela-Daniela ar face parte din PNL. Mai mult, cele dou\u0103 numiri \u00een func\u021bia de inspector general adjunct ar fi venit \u00een urma sus\u021binerii lui Ion \u0218tefan: \u201c<em>Aceasta face parte din Biroul Politic al PNL Foc\u015fani \u015fi este foarte apropiat\u0103 de ministrul Lucr\u0103rilor Publice, Dezvolt\u0103rii \u015fi Administra\u0163iei, Ion \u015etefan.<\/em> [&#8230;]<em> De altfel, <\/em><strong><em>acesta a pus de dou\u0103 ori um\u0103rul la numirea profesoarei ca inspector general adjunct, at\u00e2t \u00een anul 2016, c\u00e2nd era deputat, c\u00e2t \u015fi \u00een 2019<\/em><\/strong><em>, c\u00e2nd liberalii au venit la guvernare. Drept mul\u0163umire pentru promovare, Gabriela Marchitan \u00eel ajut\u0103 pe Ion \u015etefan s\u0103 ajung\u0103 primar al municipiului Foc\u015fani, fiind prezent\u0103 aproape zilnic pe str\u0103zi, pentru a str\u00e2nge semn\u0103turi de sus\u0163inere a controversatului ministru. Acela\u015fi lucru s-a \u00eent\u00e2mplat \u015fi \u00een campaniile electorale de anul trecut.<\/em>\u201d.<\/p>\n","protected":false},"excerpt":{"rendered":"<p>Marchitan Gabriela-Daniela este Inspectorul \u0218colar General al ISJ Vrancea din septembrie 2020, conform adev\u0103rul. Conform CV-ului CV-ului doamnei Marchitan Gabriela-Daniela, aceasta a ocupat de dou\u0103 ori func\u021bia de inspector \u0219colar general adjunct, fiind \u0219i profesor la Colegiul Tehnic \u201cEdmond Nicolau\u201d \u00een perioada 2016-2019. Men\u021bion\u0103m c\u0103 inspectoarea nu a trecut \u00een CV aspecte referitoare la parcursul ei educa\u021bional. CV-ul mai sus men\u021bionat a fost obiectul unor&#8230; <\/p>\n<p class=\"more\"><a class=\"more-link\" href=\"https:\/\/romaniacurata.ro\/monitoruleducatiei\/2023\/09\/10\/afla-cine-este-gabriela-marchitan-inspectorul-scolar-general-din-judetul-vrancea\/\">Read More<\/a><\/p>\n","protected":false},"author":3,"featured_media":2937,"comment_status":"open","ping_status":"open","sticky":false,"template":"","format":"standard","meta":{"footnotes":""},"categories":[32],"tags":[],"class_list":["post-2935","post","type-post","status-publish","format-standard","has-post-thumbnail","hentry","category-biografii-parlamentari"],"yoast_head":"<!-- This site is optimized with the Yoast SEO plugin v20.0 - https:\/\/yoast.com\/wordpress\/plugins\/seo\/ -->\n<title>Afl\u0103 cine este Gabriela Marchitan, inspectorul \u0219colar general din jude\u021bul Vrancea! - extemporal parlamentar<\/title>\n<meta name=\"robots\" content=\"index, follow, max-snippet:-1, max-image-preview:large, max-video-preview:-1\" \/>\n<link rel=\"canonical\" href=\"https:\/\/romaniacurata.ro\/monitoruleducatiei\/2023\/09\/10\/afla-cine-este-gabriela-marchitan-inspectorul-scolar-general-din-judetul-vrancea\/\" \/>\n<meta property=\"og:locale\" content=\"en_US\" \/>\n<meta property=\"og:type\" content=\"article\" \/>\n<meta property=\"og:title\" content=\"Afl\u0103 cine este Gabriela Marchitan, inspectorul \u0219colar general din jude\u021bul Vrancea! - extemporal parlamentar\" \/>\n<meta property=\"og:description\" content=\"Marchitan Gabriela-Daniela este Inspectorul \u0218colar General al ISJ Vrancea din septembrie 2020, conform adev\u0103rul. Conform CV-ului CV-ului doamnei Marchitan Gabriela-Daniela, aceasta a ocupat de dou\u0103 ori func\u021bia de inspector \u0219colar general adjunct, fiind \u0219i profesor la Colegiul Tehnic \u201cEdmond Nicolau\u201d \u00een perioada 2016-2019. Men\u021bion\u0103m c\u0103 inspectoarea nu a trecut \u00een CV aspecte referitoare la parcursul ei educa\u021bional. CV-ul mai sus men\u021bionat a fost obiectul unor... Read More\" \/>\n<meta property=\"og:url\" content=\"https:\/\/romaniacurata.ro\/monitoruleducatiei\/2023\/09\/10\/afla-cine-este-gabriela-marchitan-inspectorul-scolar-general-din-judetul-vrancea\/\" \/>\n<meta property=\"og:site_name\" content=\"extemporal parlamentar\" \/>\n<meta property=\"article:published_time\" content=\"2023-09-10T12:10:26+00:00\" \/>\n<meta property=\"article:modified_time\" content=\"2023-09-10T12:10:28+00:00\" \/>\n<meta property=\"og:image\" content=\"https:\/\/romaniacurata.ro\/monitoruleducatiei\/wp-content\/uploads\/2023\/09\/marchitan-foto.jpg\" \/>\n\t<meta property=\"og:image:width\" content=\"768\" \/>\n\t<meta property=\"og:image:height\" content=\"768\" \/>\n\t<meta property=\"og:image:type\" content=\"image\/jpeg\" \/>\n<meta name=\"author\" content=\"Oana-Maria Mircic\u0103\" \/>\n<meta name=\"twitter:card\" content=\"summary_large_image\" \/>\n<meta name=\"twitter:label1\" content=\"Written by\" \/>\n\t<meta name=\"twitter:data1\" content=\"Oana-Maria Mircic\u0103\" \/>\n\t<meta name=\"twitter:label2\" content=\"Est. reading time\" \/>\n\t<meta name=\"twitter:data2\" content=\"2 minutes\" \/>\n<script type=\"application\/ld+json\" class=\"yoast-schema-graph\">{\"@context\":\"https:\/\/schema.org\",\"@graph\":[{\"@type\":\"WebPage\",\"@id\":\"https:\/\/romaniacurata.ro\/monitoruleducatiei\/2023\/09\/10\/afla-cine-este-gabriela-marchitan-inspectorul-scolar-general-din-judetul-vrancea\/\",\"url\":\"https:\/\/romaniacurata.ro\/monitoruleducatiei\/2023\/09\/10\/afla-cine-este-gabriela-marchitan-inspectorul-scolar-general-din-judetul-vrancea\/\",\"name\":\"Afl\u0103 cine este Gabriela Marchitan, inspectorul \u0219colar general din jude\u021bul Vrancea! - extemporal parlamentar\",\"isPartOf\":{\"@id\":\"https:\/\/romaniacurata.ro\/monitoruleducatiei\/#website\"},\"datePublished\":\"2023-09-10T12:10:26+00:00\",\"dateModified\":\"2023-09-10T12:10:28+00:00\",\"author\":{\"@id\":\"https:\/\/romaniacurata.ro\/monitoruleducatiei\/#\/schema\/person\/ba650caf2dee01e500c5bbbc1c0a0c8d\"},\"breadcrumb\":{\"@id\":\"https:\/\/romaniacurata.ro\/monitoruleducatiei\/2023\/09\/10\/afla-cine-este-gabriela-marchitan-inspectorul-scolar-general-din-judetul-vrancea\/#breadcrumb\"},\"inLanguage\":\"en-US\",\"potentialAction\":[{\"@type\":\"ReadAction\",\"target\":[\"https:\/\/romaniacurata.ro\/monitoruleducatiei\/2023\/09\/10\/afla-cine-este-gabriela-marchitan-inspectorul-scolar-general-din-judetul-vrancea\/\"]}]},{\"@type\":\"BreadcrumbList\",\"@id\":\"https:\/\/romaniacurata.ro\/monitoruleducatiei\/2023\/09\/10\/afla-cine-este-gabriela-marchitan-inspectorul-scolar-general-din-judetul-vrancea\/#breadcrumb\",\"itemListElement\":[{\"@type\":\"ListItem\",\"position\":1,\"name\":\"Home\",\"item\":\"https:\/\/romaniacurata.ro\/monitoruleducatiei\/\"},{\"@type\":\"ListItem\",\"position\":2,\"name\":\"Afl\u0103 cine este Gabriela Marchitan, inspectorul \u0219colar general din jude\u021bul Vrancea!\"}]},{\"@type\":\"WebSite\",\"@id\":\"https:\/\/romaniacurata.ro\/monitoruleducatiei\/#website\",\"url\":\"https:\/\/romaniacurata.ro\/monitoruleducatiei\/\",\"name\":\"extemporal parlamentar\",\"description\":\"\",\"potentialAction\":[{\"@type\":\"SearchAction\",\"target\":{\"@type\":\"EntryPoint\",\"urlTemplate\":\"https:\/\/romaniacurata.ro\/monitoruleducatiei\/?s={search_term_string}\"},\"query-input\":\"required name=search_term_string\"}],\"inLanguage\":\"en-US\"},{\"@type\":\"Person\",\"@id\":\"https:\/\/romaniacurata.ro\/monitoruleducatiei\/#\/schema\/person\/ba650caf2dee01e500c5bbbc1c0a0c8d\",\"name\":\"Oana-Maria Mircic\u0103\",\"image\":{\"@type\":\"ImageObject\",\"inLanguage\":\"en-US\",\"@id\":\"https:\/\/romaniacurata.ro\/monitoruleducatiei\/#\/schema\/person\/image\/\",\"url\":\"https:\/\/secure.gravatar.com\/avatar\/731aca17c67edad36606abe59bb23d2b202f767a6060d49813ef4a13f758c011?s=96&d=mm&r=g\",\"contentUrl\":\"https:\/\/secure.gravatar.com\/avatar\/731aca17c67edad36606abe59bb23d2b202f767a6060d49813ef4a13f758c011?s=96&d=mm&r=g\",\"caption\":\"Oana-Maria Mircic\u0103\"},\"description\":\"Oana are 18 ani \u0219i este elev\u0103 \u00een cadrul Liceului Teoretic \u201eTraian\u201d din Municipiul Constan\u021ba. Dup\u0103 spusele sale, \u201eDezinformarea din spa\u021biul public, precum \u0219i dificultatea cu care cet\u0103\u021beanul de r\u00e2nd ar putea s\u0103 fie informat corect, nu pot dec\u00e2t s\u0103 m\u0103 \u00eengrijoreze. Pentru dezvoltarea s\u0103n\u0103toas\u0103 a unei societ\u0103\u021bi, un interes semnificativ ar trebui s\u0103 fie acordat educa\u021biei\u201d\",\"url\":\"https:\/\/romaniacurata.ro\/monitoruleducatiei\/author\/oanamircica\/\"}]}<\/script>\n<!-- \/ Yoast SEO plugin. -->","yoast_head_json":{"title":"Afl\u0103 cine este Gabriela Marchitan, inspectorul \u0219colar general din jude\u021bul Vrancea! - extemporal parlamentar","robots":{"index":"index","follow":"follow","max-snippet":"max-snippet:-1","max-image-preview":"max-image-preview:large","max-video-preview":"max-video-preview:-1"},"canonical":"https:\/\/romaniacurata.ro\/monitoruleducatiei\/2023\/09\/10\/afla-cine-este-gabriela-marchitan-inspectorul-scolar-general-din-judetul-vrancea\/","og_locale":"en_US","og_type":"article","og_title":"Afl\u0103 cine este Gabriela Marchitan, inspectorul \u0219colar general din jude\u021bul Vrancea! - extemporal parlamentar","og_description":"Marchitan Gabriela-Daniela este Inspectorul \u0218colar General al ISJ Vrancea din septembrie 2020, conform adev\u0103rul. Conform CV-ului CV-ului doamnei Marchitan Gabriela-Daniela, aceasta a ocupat de dou\u0103 ori func\u021bia de inspector \u0219colar general adjunct, fiind \u0219i profesor la Colegiul Tehnic \u201cEdmond Nicolau\u201d \u00een perioada 2016-2019. Men\u021bion\u0103m c\u0103 inspectoarea nu a trecut \u00een CV aspecte referitoare la parcursul ei educa\u021bional. CV-ul mai sus men\u021bionat a fost obiectul unor... Read More","og_url":"https:\/\/romaniacurata.ro\/monitoruleducatiei\/2023\/09\/10\/afla-cine-este-gabriela-marchitan-inspectorul-scolar-general-din-judetul-vrancea\/","og_site_name":"extemporal parlamentar","article_published_time":"2023-09-10T12:10:26+00:00","article_modified_time":"2023-09-10T12:10:28+00:00","og_image":[{"width":768,"height":768,"url":"https:\/\/romaniacurata.ro\/monitoruleducatiei\/wp-content\/uploads\/2023\/09\/marchitan-foto.jpg","type":"image\/jpeg"}],"author":"Oana-Maria Mircic\u0103","twitter_card":"summary_large_image","twitter_misc":{"Written by":"Oana-Maria Mircic\u0103","Est. reading time":"2 minutes"},"schema":{"@context":"https:\/\/schema.org","@graph":[{"@type":"WebPage","@id":"https:\/\/romaniacurata.ro\/monitoruleducatiei\/2023\/09\/10\/afla-cine-este-gabriela-marchitan-inspectorul-scolar-general-din-judetul-vrancea\/","url":"https:\/\/romaniacurata.ro\/monitoruleducatiei\/2023\/09\/10\/afla-cine-este-gabriela-marchitan-inspectorul-scolar-general-din-judetul-vrancea\/","name":"Afl\u0103 cine este Gabriela Marchitan, inspectorul \u0219colar general din jude\u021bul Vrancea! - extemporal parlamentar","isPartOf":{"@id":"https:\/\/romaniacurata.ro\/monitoruleducatiei\/#website"},"datePublished":"2023-09-10T12:10:26+00:00","dateModified":"2023-09-10T12:10:28+00:00","author":{"@id":"https:\/\/romaniacurata.ro\/monitoruleducatiei\/#\/schema\/person\/ba650caf2dee01e500c5bbbc1c0a0c8d"},"breadcrumb":{"@id":"https:\/\/romaniacurata.ro\/monitoruleducatiei\/2023\/09\/10\/afla-cine-este-gabriela-marchitan-inspectorul-scolar-general-din-judetul-vrancea\/#breadcrumb"},"inLanguage":"en-US","potentialAction":[{"@type":"ReadAction","target":["https:\/\/romaniacurata.ro\/monitoruleducatiei\/2023\/09\/10\/afla-cine-este-gabriela-marchitan-inspectorul-scolar-general-din-judetul-vrancea\/"]}]},{"@type":"BreadcrumbList","@id":"https:\/\/romaniacurata.ro\/monitoruleducatiei\/2023\/09\/10\/afla-cine-este-gabriela-marchitan-inspectorul-scolar-general-din-judetul-vrancea\/#breadcrumb","itemListElement":[{"@type":"ListItem","position":1,"name":"Home","item":"https:\/\/romaniacurata.ro\/monitoruleducatiei\/"},{"@type":"ListItem","position":2,"name":"Afl\u0103 cine este Gabriela Marchitan, inspectorul \u0219colar general din jude\u021bul Vrancea!"}]},{"@type":"WebSite","@id":"https:\/\/romaniacurata.ro\/monitoruleducatiei\/#website","url":"https:\/\/romaniacurata.ro\/monitoruleducatiei\/","name":"extemporal parlamentar","description":"","potentialAction":[{"@type":"SearchAction","target":{"@type":"EntryPoint","urlTemplate":"https:\/\/romaniacurata.ro\/monitoruleducatiei\/?s={search_term_string}"},"query-input":"required name=search_term_string"}],"inLanguage":"en-US"},{"@type":"Person","@id":"https:\/\/romaniacurata.ro\/monitoruleducatiei\/#\/schema\/person\/ba650caf2dee01e500c5bbbc1c0a0c8d","name":"Oana-Maria Mircic\u0103","image":{"@type":"ImageObject","inLanguage":"en-US","@id":"https:\/\/romaniacurata.ro\/monitoruleducatiei\/#\/schema\/person\/image\/","url":"https:\/\/secure.gravatar.com\/avatar\/731aca17c67edad36606abe59bb23d2b202f767a6060d49813ef4a13f758c011?s=96&d=mm&r=g","contentUrl":"https:\/\/secure.gravatar.com\/avatar\/731aca17c67edad36606abe59bb23d2b202f767a6060d49813ef4a13f758c011?s=96&d=mm&r=g","caption":"Oana-Maria Mircic\u0103"},"description":"Oana are 18 ani \u0219i este elev\u0103 \u00een cadrul Liceului Teoretic \u201eTraian\u201d din Municipiul Constan\u021ba. Dup\u0103 spusele sale, \u201eDezinformarea din spa\u021biul public, precum \u0219i dificultatea cu care cet\u0103\u021beanul de r\u00e2nd ar putea s\u0103 fie informat corect, nu pot dec\u00e2t s\u0103 m\u0103 \u00eengrijoreze. Pentru dezvoltarea s\u0103n\u0103toas\u0103 a unei societ\u0103\u021bi, un interes semnificativ ar trebui s\u0103 fie acordat educa\u021biei\u201d","url":"https:\/\/romaniacurata.ro\/monitoruleducatiei\/author\/oanamircica\/"}]}},"_links":{"self":[{"href":"https:\/\/romaniacurata.ro\/monitoruleducatiei\/wp-json\/wp\/v2\/posts\/2935","targetHints":{"allow":["GET"]}}],"collection":[{"href":"https:\/\/romaniacurata.ro\/monitoruleducatiei\/wp-json\/wp\/v2\/posts"}],"about":[{"href":"https:\/\/romaniacurata.ro\/monitoruleducatiei\/wp-json\/wp\/v2\/types\/post"}],"author":[{"embeddable":true,"href":"https:\/\/romaniacurata.ro\/monitoruleducatiei\/wp-json\/wp\/v2\/users\/3"}],"replies":[{"embeddable":true,"href":"https:\/\/romaniacurata.ro\/monitoruleducatiei\/wp-json\/wp\/v2\/comments?post=2935"}],"version-history":[{"count":1,"href":"https:\/\/romaniacurata.ro\/monitoruleducatiei\/wp-json\/wp\/v2\/posts\/2935\/revisions"}],"predecessor-version":[{"id":2938,"href":"https:\/\/romaniacurata.ro\/monitoruleducatiei\/wp-json\/wp\/v2\/posts\/2935\/revisions\/2938"}],"wp:featuredmedia":[{"embeddable":true,"href":"https:\/\/romaniacurata.ro\/monitoruleducatiei\/wp-json\/wp\/v2\/media\/2937"}],"wp:attachment":[{"href":"https:\/\/romaniacurata.ro\/monitoruleducatiei\/wp-json\/wp\/v2\/media?parent=2935"}],"wp:term":[{"taxonomy":"category","embeddable":true,"href":"https:\/\/romaniacurata.ro\/monitoruleducatiei\/wp-json\/wp\/v2\/categories?post=2935"},{"taxonomy":"post_tag","embeddable":true,"href":"https:\/\/romaniacurata.ro\/monitoruleducatiei\/wp-json\/wp\/v2\/tags?post=2935"}],"curies":[{"name":"wp","href":"https:\/\/api.w.org\/{rel}","templated":true}]}}