{"id":2940,"date":"2023-09-11T10:15:38","date_gmt":"2023-09-11T10:15:38","guid":{"rendered":"https:\/\/romaniacurata.ro\/monitoruleducatiei\/?p=2940"},"modified":"2023-09-11T10:15:40","modified_gmt":"2023-09-11T10:15:40","slug":"afla-ce-se-intampla-in-educatie-in-municipiul-braila","status":"publish","type":"post","link":"https:\/\/romaniacurata.ro\/monitoruleducatiei\/2023\/09\/11\/afla-ce-se-intampla-in-educatie-in-municipiul-braila\/","title":{"rendered":"Afl\u0103 ce se \u00eent\u00e2mpl\u0103 \u00een educa\u021bie \u00een municipiul Br\u0103ila!"},"content":{"rendered":"\n<p>Br\u0103ila este <a href=\"https:\/\/ro.wikipedia.org\/wiki\/Municipiile_Rom%C3%A2niei\">municipiul<\/a> de re\u0219edin\u021b\u0103 al <a href=\"https:\/\/ro.wikipedia.org\/wiki\/Jude%C8%9Bul_Br%C4%83ila\">jude\u021bului cu acela\u0219i nume<\/a>, aflat predominant pe malul st\u00e2ng al Dun\u0103rii, \u00een regiunea istoric\u0103 a Munteniei. Fiind al 11-ea cel mai mare centru urban din \u021bar\u0103 dup\u0103 popula\u021biei, conform INS. \u00cen municipiu sunt \u00eenregistrate 59 de unit\u0103\u021bi de \u00eenv\u0103\u021b\u0103m\u00e2nt. Conform prim\u0103riei Br\u0103ila, nu au fost desfiin\u021bate unit\u0103\u021bi de \u00eenv\u0103\u021b\u0103m\u00e2nt \u00een ultimii 5 ani din motive demografice.&nbsp;<\/p>\n\n\n\n<h3 class=\"wp-block-heading\">Investi\u021bii \u0219i buget alocat<\/h3>\n\n\n\n<p>\u00cen ultimii ani, bugetul alocat \u00eenv\u0103\u021b\u0103m\u00e2ntului a fost supus unei cre\u0219teri graduale (19.792,72 de mii de lei \u00een 2020, 24.195,71 de mii de lei \u00een 2021, 34.561,63 de mii de lei \u00een 2022, \u0219i&nbsp; 35.149,10 de mii de lei \u00een 2023).<\/p>\n\n\n\n<p>\u00cen 2020 cuantumul burselor a fost de 60 de lei pentru cea de performan\u021b\u0103, 50 de lei pentru merit, respectiv 40 de lei pentru bursele de studiu \u0219i cele sociale. \u00cen 2021 aceste cuantumuri au fost crescute la 120 pentru bursa de merit, 110 pentru cea de performan\u021b\u0103, \u0219i 100 de lei pentru cele de studiu \u0219i sociale. \u00cen 2022, municipiul Br\u0103ila a acordat cuantumul minim stabilit de lege, adic\u0103 500 de lei pentru bursa de performan\u021b\u0103, 200 lei pentru bursa de merit \u0219i cea social\u0103,&nbsp; \u0219i 150 lei pentru bursa de studiu.<\/p>\n\n\n\n<p>Prin Fondul European de Dezvoltare Regional\u0103 (FEDR) au fost reabilitate un num\u0103r de 4 unit\u0103\u021bi de \u00eenv\u0103\u021b\u0103m\u00e2nt, \u0219i a fost finan\u021bat\u0103&nbsp; punerea \u00een construc\u021bie a unei cre\u0219e \u00een cartierul Buz\u0103ului. De asemenea, prin PNRR, au fost renovate energetic 4 unit\u0103\u021bi. Exist\u0103 un singur obiectiv de investi\u021bie aprobat din bugetul de stat, anume reabilitarea unei cl\u0103diri \u0219colare, \u00eens\u0103 din bugetul local obiectivele de investi\u021bii sunt numeroase lucr\u0103ri de infrastructur\u0103 asupra cl\u0103dirilor \u0219colilor din municipiu, amenajarea spa\u021biilor de joac\u0103, \u0219i amenajarea unui autodrom \u00een cadrul Liceului Tehnologic \u201cPanait Istrati\u201d.<\/p>\n\n\n\n<p>Conform prim\u0103riei municipiului, activit\u0103\u021bi pentru tineret au fost planificate la Casa Cultural\u0103 a Municipiului Br\u0103ila, Teatrului de P\u0103pu\u0219i \u201cC\u0103r\u0103bu\u0219\u201d \u0219i Teatrul \u201cMaria Filotti\u201d.<\/p>\n\n\n\n<p>La capitolul siguran\u021b\u0103, institu\u021biile de \u00eenv\u0103\u021b\u0103m\u00e2nt pe raza municipiului au fost repartizate Poli\u021biei Locale, Poli\u021biei Municipiului Br\u0103ila \u0219i Inspectoratului Jude\u021bean de Jandarmi Br\u0103ila, activit\u0103\u021bile \u00eentreprinse de aceste structuri fiind predominant patrule, fluidiz\u0103ri ale traficului rutier \u00een apropierea unit\u0103\u021bilor \u0219i asigurarea interven\u021biei \u00een cazul incidentelor ce \u021bin de competen\u021ba acestor organe, \u00een eventualitatea desf\u0103\u0219ur\u0103rii acestora \u00een cadrul unit\u0103\u021bilor de \u00eenv\u0103\u021b\u0103m\u00e2nt.<\/p>\n\n\n\n<h3 class=\"wp-block-heading\">Fenomenul Br\u0103ila<\/h3>\n\n\n\n<p>Cu toate acestea, nu se poate scrie despre educa\u021bia \u00een Br\u0103ila f\u0103r\u0103 a men\u021biona \u201efenomenul Br\u0103ila\u201d. Practic, se fac anumite presiuni asupra elevilor care nu au \u0219anse s\u0103 ia note foarte mari sau s\u0103 nu ia deloc examenul de capacitate, s\u0103 nu participe la test\u0103ri, pentru a nu da o medie per total \u0219coal\u0103 mai slab\u0103 dec\u00e2t \u0219i-ar dori managementul \u0219colii respective sau managementul \u0219colii la nivel de inspectorat jude\u021bean. Practica a fost scoas\u0103 la iveal\u0103 \u00een anul 2018 prinrezultatele unui studiu realizat de Asocia\u021bia pentru Educa\u021bie \u0219i Justi\u021bie Social\u0103 Human Catalyst, care relata la acea vreme c\u0103 \u201eFenomenul Br\u0103ila&#8221; este o modalitate de selec\u021bie a elevilor care \u201emerit\u0103&#8221; s\u0103 dea examenele decisive pentru viitorul lor.. Totul pentru a da bine \u00een statisticile ulterioare test\u0103rilor.&nbsp;<\/p>\n\n\n\n<p><em>&#8220;Se fac anumite presiuni asupra elevilor care nu au \u0219anse s\u0103 ia note foarte mari sau s\u0103 nu ia deloc examenul de capacitate, s\u0103 nu participe la test\u0103ri, pentru a nu da o medie per total \u0219coal\u0103 mai slab\u0103 dec\u00e2t \u0219i-ar dori managementul \u0219colii respective sau managementul \u0219colii la nivel de inspectorat jude\u021bean. (&#8230;) Cel mai evident exemplu a ap\u0103rut la Br\u0103ila, unde aveam pe locul I din \u021bar\u0103 jude\u021bul Br\u0103ila la rezultate, adic\u0103 dup\u0103 Bucure\u0219ti \u00een 2017. \u00cen acela\u0219i timp Br\u0103ila ie\u0219ea pe locul 1 \u0219I la num\u0103rul de elevi neparticipan\u021bi la evaluarea na\u021bional\u0103. Un procent de 36%, aproape 40%&#8221;<\/em>, a spus atunci Laura Marin, pre\u0219edinte The Human Catalyst.&nbsp;<\/p>\n\n\n\n<p>De mai bine de 12 ani, aceast\u0103 practic\u0103 este un factor de stres insurmontabil pentru elevii br\u0103ileni, \u0219i se pare c\u0103 lucrurile se mi\u0219c\u0103 foarte greu. \u00cen 2023, aten\u021bia asupra acestui fenomen a fost re\u00eemprosp\u0103tat\u0103, c\u00e2nd un caz de suicid provocat, conform presei \u0219i a apropia\u021bilor, a fost puternic mediatizat. Un atlet de 19 ani \u0219i-a luat \u00een mod tragic via\u021ba ca urmare a excluderii sale din examenul de Bacalaureat.&nbsp;<\/p>\n\n\n\n<h3 class=\"wp-block-heading\">Despre primarul Br\u0103ilei<\/h3>\n\n\n\n<p>Primarul Municipiului Br\u0103ila, Viorel Marian Dragomir, se afl\u0103 la al doilea mandat. Av\u00e2nd o experien\u021b\u0103 politic\u0103 ce dateaz\u0103 din 1999, fiind ales vicepre\u0219edinte al Organiza\u021biei Jude\u021bene de Tineret PSD. \u00cen 1998 \u0219i-a ob\u021binut Licen\u021ba \u00een Rela\u021bii Economice Interna\u021bionale de la Universitatea&nbsp; Constantin Br\u00e2ncoveanu Br\u0103ila, o universitate privat\u0103. Tot \u00een acel an, a \u00eenceput studiile la Facultatea de Drept a Universit\u0103\u021bii Nicolae Titulescu, av\u00e2nd s\u0103 promoveze \u00een 2002. \u00cen intervalul 1998-2008, a lucrat ca dispecer, \u0219ef birou marketing, consilier al directorului general pe probleme de integrare european\u0103 si marketing, fiind \u0219i membru al Consiliul de Administra\u021bie Regia Autonom\u0103 a Administra\u021biei Zonei Libere Br\u0103ila.<\/p>\n\n\n\n<p>\u00centre 2003 \u0219i 2008 a fost consilier jude\u021bean, iar \u00eentre 2003 \u0219i 2005 a fost director a Filialei Br\u0103ila (pentru jude\u021bele Br\u0103ila, Buz\u0103u, Gala\u021bi, Vrancea si Tulcea) a Companiei Na\u021bional\u0103 de Administrare a Fondului Piscicol.<\/p>\n\n\n\n<p>\u00cen 2009 a fost director coordonator adjunct pentru Garda de Mediu Br\u0103ila, acela\u0219i an \u00een care a \u00eenceput studiile la faimoasa Universitatea \u201cDun\u0103rea de Jos\u201d Gala\u021bi, Facultatea de \u0218tiin\u021be \u0219i Mediu Gala\u021bi, termin\u00e2ndu-\u0219i studiile \u00een 2011, ob\u021bin\u00e2nd un master \u00een monitorizarea \u0219i managementul mediului.&nbsp;<\/p>\n\n\n\n<p>\u00centre 2008 \u0219i 2012 a fost consilier municipal \u0219i reprezentant al Consiliului Local Municipal Br\u0103ila (ac\u021bionarul majoritar) in Adunarea Generala a Ac\u021bionarilor S.C. ECO S.A. Br\u0103ila.&nbsp;<\/p>\n\n\n\n<p>\u00centre 2006 \u0219i 2012, pe l\u00e2ng\u0103 func\u021biile antemen\u021bionate \u0219i studii, domnul Dragomir a fost \u0219i broker imobiliar pentru S.C. REWE Romania S.R.L., firm\u0103 care \u00een 2012 avea datorii de 280.815.938 de lei.&nbsp;<\/p>\n\n\n\n<p>\u00centre 2012 \u0219i 2016 a fost membru al Camerei Deputa\u021bilor, cu 7 lu\u0103ri de cuv\u00e2nt \u0219i 6 \u00eentreb\u0103ri\/interpel\u0103ri.<\/p>\n\n\n\n<p>Domnul Dragomir de\u021bine 2 terenuri agricole \u0219i un teren intravilan \u00een jude\u021bul Br\u0103ila, \u0219i un teren agricol \u00een Gala\u021bi. De asemenea, de\u021bine un apartament, iar pe numele so\u021biei figureaz\u0103 o cas\u0103 de locuit.<\/p>\n\n\n\n<p>\u00cen declara\u021bia de avere (cea mai recent\u0103 accesibil\u0103 fiind cea din 2019) mai este prezent \u0219i un Peugot din 2008 \u0219i o datorie de 128.821.7 lei la Consiliul Jude\u021bean Br\u0103ila scadent\u0103 \u00een 2020.<\/p>\n\n\n\n<p>De\u0219i nu figureaz\u0103 \u00een CV, \u00een declara\u021bia de avere figureaz\u0103 drept cadru didactic asociat la Universitatea Constantin Br\u00e2ncoveanu Br\u0103ila ( remunera\u021bie anual\u0103 de 8.811 lei). Indemniza\u021bia de primar anual\u0103 a domnului Dragomir era la data public\u0103rii declara\u021biei de avere de 127.539 lei.<\/p>\n\n\n\n<p>\u00cen octombrie 2020, transmitea pe Facebook un mesaj prin care saluta decizia Comitetului Na\u021bional pentru Situa\u021bii de Urgent\u0103 care duce la faptul c\u0103 \u00een municipiu nu e obligatorie masca sanitar\u0103 \u00een spa\u021biile publice deschise, cu c\u00e2teva excep\u021bii. Primarul PSD exclam\u0103 <em>\u201dVICTORIE !!! F\u0102R\u0102 MASC\u0102 \u00ceN BR\u0102ILA !!! [sic]\u201d<\/em>, dup\u0103 care pune la \u00eendoial\u0103 utilitatea m\u0103\u0219tii: \u201d<em>Persoane mai tem\u0103toare spun \u2026 dar dac\u0103 nu purt\u0103m masca o s\u0103 creasc\u0103 cazurile. Eu ii intreb, cu tot respectul \u2013 garanteaz\u0103 cineva c\u0103 dac\u0103 purt\u0103m masca nu ne infectam? Exist\u0103 un studiu oficial? Personalul D.S.P. Br\u0103ila a purtat masc\u0103, a respectat regulile \u2026 \u0219i totu\u0219i s-a infectat !!![sic]\u201d<\/em><\/p>\n","protected":false},"excerpt":{"rendered":"<p>Br\u0103ila este municipiul de re\u0219edin\u021b\u0103 al jude\u021bului cu acela\u0219i nume, aflat predominant pe malul st\u00e2ng al Dun\u0103rii, \u00een regiunea istoric\u0103 a Munteniei. Fiind al 11-ea cel mai mare centru urban din \u021bar\u0103 dup\u0103 popula\u021biei, conform INS. \u00cen municipiu sunt \u00eenregistrate 59 de unit\u0103\u021bi de \u00eenv\u0103\u021b\u0103m\u00e2nt. Conform prim\u0103riei Br\u0103ila, nu au fost desfiin\u021bate unit\u0103\u021bi de \u00eenv\u0103\u021b\u0103m\u00e2nt \u00een ultimii 5 ani din motive demografice.&nbsp; Investi\u021bii \u0219i buget&#8230; <\/p>\n<p class=\"more\"><a class=\"more-link\" href=\"https:\/\/romaniacurata.ro\/monitoruleducatiei\/2023\/09\/11\/afla-ce-se-intampla-in-educatie-in-municipiul-braila\/\">Read More<\/a><\/p>\n","protected":false},"author":13,"featured_media":2945,"comment_status":"open","ping_status":"open","sticky":false,"template":"","format":"standard","meta":{"footnotes":""},"categories":[63],"tags":[],"class_list":["post-2940","post","type-post","status-publish","format-standard","has-post-thumbnail","hentry","category-educatia-la-nivel-local"],"yoast_head":"<!-- This site is optimized with the Yoast SEO plugin v20.0 - https:\/\/yoast.com\/wordpress\/plugins\/seo\/ -->\n<title>Afl\u0103 ce se \u00eent\u00e2mpl\u0103 \u00een educa\u021bie \u00een municipiul Br\u0103ila! - extemporal parlamentar<\/title>\n<meta name=\"robots\" content=\"index, follow, max-snippet:-1, max-image-preview:large, max-video-preview:-1\" \/>\n<link rel=\"canonical\" href=\"https:\/\/romaniacurata.ro\/monitoruleducatiei\/2023\/09\/11\/afla-ce-se-intampla-in-educatie-in-municipiul-braila\/\" \/>\n<meta property=\"og:locale\" content=\"en_US\" \/>\n<meta property=\"og:type\" content=\"article\" \/>\n<meta property=\"og:title\" content=\"Afl\u0103 ce se \u00eent\u00e2mpl\u0103 \u00een educa\u021bie \u00een municipiul Br\u0103ila! - extemporal parlamentar\" \/>\n<meta property=\"og:description\" content=\"Br\u0103ila este municipiul de re\u0219edin\u021b\u0103 al jude\u021bului cu acela\u0219i nume, aflat predominant pe malul st\u00e2ng al Dun\u0103rii, \u00een regiunea istoric\u0103 a Munteniei. Fiind al 11-ea cel mai mare centru urban din \u021bar\u0103 dup\u0103 popula\u021biei, conform INS. \u00cen municipiu sunt \u00eenregistrate 59 de unit\u0103\u021bi de \u00eenv\u0103\u021b\u0103m\u00e2nt. Conform prim\u0103riei Br\u0103ila, nu au fost desfiin\u021bate unit\u0103\u021bi de \u00eenv\u0103\u021b\u0103m\u00e2nt \u00een ultimii 5 ani din motive demografice.&nbsp; Investi\u021bii \u0219i buget... Read More\" \/>\n<meta property=\"og:url\" content=\"https:\/\/romaniacurata.ro\/monitoruleducatiei\/2023\/09\/11\/afla-ce-se-intampla-in-educatie-in-municipiul-braila\/\" \/>\n<meta property=\"og:site_name\" content=\"extemporal parlamentar\" \/>\n<meta property=\"article:published_time\" content=\"2023-09-11T10:15:38+00:00\" \/>\n<meta property=\"article:modified_time\" content=\"2023-09-11T10:15:40+00:00\" \/>\n<meta property=\"og:image\" content=\"https:\/\/romaniacurata.ro\/monitoruleducatiei\/wp-content\/uploads\/2023\/09\/16balcescu.jpg\" \/>\n\t<meta property=\"og:image:width\" content=\"617\" \/>\n\t<meta property=\"og:image:height\" content=\"450\" \/>\n\t<meta property=\"og:image:type\" content=\"image\/jpeg\" \/>\n<meta name=\"author\" content=\"\u0218tefan Busuioc-Trandafir\" \/>\n<meta name=\"twitter:card\" content=\"summary_large_image\" \/>\n<meta name=\"twitter:label1\" content=\"Written by\" \/>\n\t<meta name=\"twitter:data1\" content=\"\u0218tefan Busuioc-Trandafir\" \/>\n\t<meta name=\"twitter:label2\" content=\"Est. reading time\" \/>\n\t<meta name=\"twitter:data2\" content=\"6 minutes\" \/>\n<script type=\"application\/ld+json\" class=\"yoast-schema-graph\">{\"@context\":\"https:\/\/schema.org\",\"@graph\":[{\"@type\":\"WebPage\",\"@id\":\"https:\/\/romaniacurata.ro\/monitoruleducatiei\/2023\/09\/11\/afla-ce-se-intampla-in-educatie-in-municipiul-braila\/\",\"url\":\"https:\/\/romaniacurata.ro\/monitoruleducatiei\/2023\/09\/11\/afla-ce-se-intampla-in-educatie-in-municipiul-braila\/\",\"name\":\"Afl\u0103 ce se \u00eent\u00e2mpl\u0103 \u00een educa\u021bie \u00een municipiul Br\u0103ila! - extemporal parlamentar\",\"isPartOf\":{\"@id\":\"https:\/\/romaniacurata.ro\/monitoruleducatiei\/#website\"},\"datePublished\":\"2023-09-11T10:15:38+00:00\",\"dateModified\":\"2023-09-11T10:15:40+00:00\",\"author\":{\"@id\":\"https:\/\/romaniacurata.ro\/monitoruleducatiei\/#\/schema\/person\/38a20d0cb4c2ab3ec009ff8c1e8f606b\"},\"breadcrumb\":{\"@id\":\"https:\/\/romaniacurata.ro\/monitoruleducatiei\/2023\/09\/11\/afla-ce-se-intampla-in-educatie-in-municipiul-braila\/#breadcrumb\"},\"inLanguage\":\"en-US\",\"potentialAction\":[{\"@type\":\"ReadAction\",\"target\":[\"https:\/\/romaniacurata.ro\/monitoruleducatiei\/2023\/09\/11\/afla-ce-se-intampla-in-educatie-in-municipiul-braila\/\"]}]},{\"@type\":\"BreadcrumbList\",\"@id\":\"https:\/\/romaniacurata.ro\/monitoruleducatiei\/2023\/09\/11\/afla-ce-se-intampla-in-educatie-in-municipiul-braila\/#breadcrumb\",\"itemListElement\":[{\"@type\":\"ListItem\",\"position\":1,\"name\":\"Home\",\"item\":\"https:\/\/romaniacurata.ro\/monitoruleducatiei\/\"},{\"@type\":\"ListItem\",\"position\":2,\"name\":\"Afl\u0103 ce se \u00eent\u00e2mpl\u0103 \u00een educa\u021bie \u00een municipiul Br\u0103ila!\"}]},{\"@type\":\"WebSite\",\"@id\":\"https:\/\/romaniacurata.ro\/monitoruleducatiei\/#website\",\"url\":\"https:\/\/romaniacurata.ro\/monitoruleducatiei\/\",\"name\":\"extemporal parlamentar\",\"description\":\"\",\"potentialAction\":[{\"@type\":\"SearchAction\",\"target\":{\"@type\":\"EntryPoint\",\"urlTemplate\":\"https:\/\/romaniacurata.ro\/monitoruleducatiei\/?s={search_term_string}\"},\"query-input\":\"required name=search_term_string\"}],\"inLanguage\":\"en-US\"},{\"@type\":\"Person\",\"@id\":\"https:\/\/romaniacurata.ro\/monitoruleducatiei\/#\/schema\/person\/38a20d0cb4c2ab3ec009ff8c1e8f606b\",\"name\":\"\u0218tefan Busuioc-Trandafir\",\"image\":{\"@type\":\"ImageObject\",\"inLanguage\":\"en-US\",\"@id\":\"https:\/\/romaniacurata.ro\/monitoruleducatiei\/#\/schema\/person\/image\/\",\"url\":\"https:\/\/secure.gravatar.com\/avatar\/51497d9b10515ccf00839c9b35a423a4247bb1d1cd72c411aea533cc774efb97?s=96&d=mm&r=g\",\"contentUrl\":\"https:\/\/secure.gravatar.com\/avatar\/51497d9b10515ccf00839c9b35a423a4247bb1d1cd72c411aea533cc774efb97?s=96&d=mm&r=g\",\"caption\":\"\u0218tefan Busuioc-Trandafir\"},\"description\":\"\u0218tefan Busuioc-Trandafir are 16 ani, provine din Constan\u021ba \u0219i are un spirit de observa\u021bie fin \u0219i cu o puternic\u0103 for\u021b\u0103 de analiz\u0103. \u201eConsider c\u0103 \u00een orice societate democratic\u0103, este nevoie ca poporul, nu numai \u00een calitate de beneficiari ai sistemului, ci \u015fi \u00een calitate de component\u0103 esen\u021bial\u0103 a sa, trebuie s\u0103-\u015fi \u021bin\u0103 corpul guvernant responsabil pentru ac\u021biunile pe care dore\u015fte a le lua.\u201d\",\"url\":\"https:\/\/romaniacurata.ro\/monitoruleducatiei\/author\/stefanbusuioc\/\"}]}<\/script>\n<!-- \/ Yoast SEO plugin. -->","yoast_head_json":{"title":"Afl\u0103 ce se \u00eent\u00e2mpl\u0103 \u00een educa\u021bie \u00een municipiul Br\u0103ila! - extemporal parlamentar","robots":{"index":"index","follow":"follow","max-snippet":"max-snippet:-1","max-image-preview":"max-image-preview:large","max-video-preview":"max-video-preview:-1"},"canonical":"https:\/\/romaniacurata.ro\/monitoruleducatiei\/2023\/09\/11\/afla-ce-se-intampla-in-educatie-in-municipiul-braila\/","og_locale":"en_US","og_type":"article","og_title":"Afl\u0103 ce se \u00eent\u00e2mpl\u0103 \u00een educa\u021bie \u00een municipiul Br\u0103ila! - extemporal parlamentar","og_description":"Br\u0103ila este municipiul de re\u0219edin\u021b\u0103 al jude\u021bului cu acela\u0219i nume, aflat predominant pe malul st\u00e2ng al Dun\u0103rii, \u00een regiunea istoric\u0103 a Munteniei. Fiind al 11-ea cel mai mare centru urban din \u021bar\u0103 dup\u0103 popula\u021biei, conform INS. \u00cen municipiu sunt \u00eenregistrate 59 de unit\u0103\u021bi de \u00eenv\u0103\u021b\u0103m\u00e2nt. Conform prim\u0103riei Br\u0103ila, nu au fost desfiin\u021bate unit\u0103\u021bi de \u00eenv\u0103\u021b\u0103m\u00e2nt \u00een ultimii 5 ani din motive demografice.&nbsp; Investi\u021bii \u0219i buget... Read More","og_url":"https:\/\/romaniacurata.ro\/monitoruleducatiei\/2023\/09\/11\/afla-ce-se-intampla-in-educatie-in-municipiul-braila\/","og_site_name":"extemporal parlamentar","article_published_time":"2023-09-11T10:15:38+00:00","article_modified_time":"2023-09-11T10:15:40+00:00","og_image":[{"width":617,"height":450,"url":"https:\/\/romaniacurata.ro\/monitoruleducatiei\/wp-content\/uploads\/2023\/09\/16balcescu.jpg","type":"image\/jpeg"}],"author":"\u0218tefan Busuioc-Trandafir","twitter_card":"summary_large_image","twitter_misc":{"Written by":"\u0218tefan Busuioc-Trandafir","Est. reading time":"6 minutes"},"schema":{"@context":"https:\/\/schema.org","@graph":[{"@type":"WebPage","@id":"https:\/\/romaniacurata.ro\/monitoruleducatiei\/2023\/09\/11\/afla-ce-se-intampla-in-educatie-in-municipiul-braila\/","url":"https:\/\/romaniacurata.ro\/monitoruleducatiei\/2023\/09\/11\/afla-ce-se-intampla-in-educatie-in-municipiul-braila\/","name":"Afl\u0103 ce se \u00eent\u00e2mpl\u0103 \u00een educa\u021bie \u00een municipiul Br\u0103ila! - extemporal parlamentar","isPartOf":{"@id":"https:\/\/romaniacurata.ro\/monitoruleducatiei\/#website"},"datePublished":"2023-09-11T10:15:38+00:00","dateModified":"2023-09-11T10:15:40+00:00","author":{"@id":"https:\/\/romaniacurata.ro\/monitoruleducatiei\/#\/schema\/person\/38a20d0cb4c2ab3ec009ff8c1e8f606b"},"breadcrumb":{"@id":"https:\/\/romaniacurata.ro\/monitoruleducatiei\/2023\/09\/11\/afla-ce-se-intampla-in-educatie-in-municipiul-braila\/#breadcrumb"},"inLanguage":"en-US","potentialAction":[{"@type":"ReadAction","target":["https:\/\/romaniacurata.ro\/monitoruleducatiei\/2023\/09\/11\/afla-ce-se-intampla-in-educatie-in-municipiul-braila\/"]}]},{"@type":"BreadcrumbList","@id":"https:\/\/romaniacurata.ro\/monitoruleducatiei\/2023\/09\/11\/afla-ce-se-intampla-in-educatie-in-municipiul-braila\/#breadcrumb","itemListElement":[{"@type":"ListItem","position":1,"name":"Home","item":"https:\/\/romaniacurata.ro\/monitoruleducatiei\/"},{"@type":"ListItem","position":2,"name":"Afl\u0103 ce se \u00eent\u00e2mpl\u0103 \u00een educa\u021bie \u00een municipiul Br\u0103ila!"}]},{"@type":"WebSite","@id":"https:\/\/romaniacurata.ro\/monitoruleducatiei\/#website","url":"https:\/\/romaniacurata.ro\/monitoruleducatiei\/","name":"extemporal parlamentar","description":"","potentialAction":[{"@type":"SearchAction","target":{"@type":"EntryPoint","urlTemplate":"https:\/\/romaniacurata.ro\/monitoruleducatiei\/?s={search_term_string}"},"query-input":"required name=search_term_string"}],"inLanguage":"en-US"},{"@type":"Person","@id":"https:\/\/romaniacurata.ro\/monitoruleducatiei\/#\/schema\/person\/38a20d0cb4c2ab3ec009ff8c1e8f606b","name":"\u0218tefan Busuioc-Trandafir","image":{"@type":"ImageObject","inLanguage":"en-US","@id":"https:\/\/romaniacurata.ro\/monitoruleducatiei\/#\/schema\/person\/image\/","url":"https:\/\/secure.gravatar.com\/avatar\/51497d9b10515ccf00839c9b35a423a4247bb1d1cd72c411aea533cc774efb97?s=96&d=mm&r=g","contentUrl":"https:\/\/secure.gravatar.com\/avatar\/51497d9b10515ccf00839c9b35a423a4247bb1d1cd72c411aea533cc774efb97?s=96&d=mm&r=g","caption":"\u0218tefan Busuioc-Trandafir"},"description":"\u0218tefan Busuioc-Trandafir are 16 ani, provine din Constan\u021ba \u0219i are un spirit de observa\u021bie fin \u0219i cu o puternic\u0103 for\u021b\u0103 de analiz\u0103. \u201eConsider c\u0103 \u00een orice societate democratic\u0103, este nevoie ca poporul, nu numai \u00een calitate de beneficiari ai sistemului, ci \u015fi \u00een calitate de component\u0103 esen\u021bial\u0103 a sa, trebuie s\u0103-\u015fi \u021bin\u0103 corpul guvernant responsabil pentru ac\u021biunile pe care dore\u015fte a le lua.\u201d","url":"https:\/\/romaniacurata.ro\/monitoruleducatiei\/author\/stefanbusuioc\/"}]}},"_links":{"self":[{"href":"https:\/\/romaniacurata.ro\/monitoruleducatiei\/wp-json\/wp\/v2\/posts\/2940","targetHints":{"allow":["GET"]}}],"collection":[{"href":"https:\/\/romaniacurata.ro\/monitoruleducatiei\/wp-json\/wp\/v2\/posts"}],"about":[{"href":"https:\/\/romaniacurata.ro\/monitoruleducatiei\/wp-json\/wp\/v2\/types\/post"}],"author":[{"embeddable":true,"href":"https:\/\/romaniacurata.ro\/monitoruleducatiei\/wp-json\/wp\/v2\/users\/13"}],"replies":[{"embeddable":true,"href":"https:\/\/romaniacurata.ro\/monitoruleducatiei\/wp-json\/wp\/v2\/comments?post=2940"}],"version-history":[{"count":2,"href":"https:\/\/romaniacurata.ro\/monitoruleducatiei\/wp-json\/wp\/v2\/posts\/2940\/revisions"}],"predecessor-version":[{"id":2946,"href":"https:\/\/romaniacurata.ro\/monitoruleducatiei\/wp-json\/wp\/v2\/posts\/2940\/revisions\/2946"}],"wp:featuredmedia":[{"embeddable":true,"href":"https:\/\/romaniacurata.ro\/monitoruleducatiei\/wp-json\/wp\/v2\/media\/2945"}],"wp:attachment":[{"href":"https:\/\/romaniacurata.ro\/monitoruleducatiei\/wp-json\/wp\/v2\/media?parent=2940"}],"wp:term":[{"taxonomy":"category","embeddable":true,"href":"https:\/\/romaniacurata.ro\/monitoruleducatiei\/wp-json\/wp\/v2\/categories?post=2940"},{"taxonomy":"post_tag","embeddable":true,"href":"https:\/\/romaniacurata.ro\/monitoruleducatiei\/wp-json\/wp\/v2\/tags?post=2940"}],"curies":[{"name":"wp","href":"https:\/\/api.w.org\/{rel}","templated":true}]}}