{"id":3058,"date":"2023-09-26T07:21:35","date_gmt":"2023-09-26T07:21:35","guid":{"rendered":"https:\/\/romaniacurata.ro\/monitoruleducatiei\/?p=3058"},"modified":"2023-09-26T07:21:37","modified_gmt":"2023-09-26T07:21:37","slug":"afla-cine-este-ilona-rizea-inspectorul-scolar-general-din-prahova","status":"publish","type":"post","link":"https:\/\/romaniacurata.ro\/monitoruleducatiei\/2023\/09\/26\/afla-cine-este-ilona-rizea-inspectorul-scolar-general-din-prahova\/","title":{"rendered":"Afl\u0103 cine este Ilona Rizea, inspectorul \u0219colar general din Prahova!"},"content":{"rendered":"\n<h3 class=\"wp-block-heading\"><strong>Experien\u021b\u0103 profesional\u0103 relevant\u0103 pentru func\u021bie<\/strong><\/h3>\n\n\n\n<p>Rizea Ilona Claudia conduce Inspectoratul \u0218colar Jude\u021bean Prahova din octombrie 2020 dup\u0103 ce a fost numit\u0103 pe func\u021bie de Ministerul Educa\u021biei prin ordin de ministru. Aceasta este profesoar\u0103 de limba rom\u00e2n\u0103 \u0219i a fost director adjunct la Colegiul Na\u021bional \u201eI.L. Caragiale\u201d din Ploie\u0219ti. \u00cenainte de a fi numit\u0103 inspector general, aceasta a lucrat \u00een aceast\u0103 institu\u021bie ca inspector de management ceea ce i-a crescut interesul fa\u021b\u0103 de aceast\u0103 institu\u021bie.<\/p>\n\n\n\n<p>Deoarece nu ni s-a permis accesul la CV-ul doamnei inspector general, nu am reu\u0219it s\u0103 ne facem o idee despre calit\u0103\u021bile,studiile \u0219i experien\u021ba profesional\u0103 a doamnei inspector pentru aceast\u0103 func\u021bie ce implic\u0103 mult\u0103 responsabilitate \u0219i determinare. Este extrem de trist faptul c\u0103 cea mai important\u0103 institu\u021bie responsabil\u0103 de educa\u021bia la nivelul jude\u021bului Prahova refuz\u0103 s\u0103 comunice cu societatea civil\u0103.&nbsp;<\/p>\n\n\n\n<h3 class=\"wp-block-heading\"><strong>Declara\u021bii de avere \u0219i interese&nbsp;<\/strong><\/h3>\n\n\n\n<p>Uit\u00e2ndu-ne peste declara\u021bia de avere \u0219i interese a doamnei inspector putem remarca mai multe bunuri pe care le de\u021bine. .Vorbim de un teren intravilan de 250 mp pe care \u00eel achizi\u021bioneaz\u0103 \u00een 2011,&nbsp; o cas\u0103 de 104 mp, achizi\u021bionat\u0103 tot \u00een 2011, c\u00e2t \u0219i dou\u0103 autoturisme: un Opel \u0219i un Renault. Tot \u00een 2011 aceasta a achizi\u021bionat un credit \u00een valoare de 39.000 EUR.<\/p>\n\n\n\n<p>Veniturile salariale anuale ale doamnei inspector provin din trei surse: (1) ISJ PRAHOVA (113130 lei), (2) CN I.L. Caragiale Ploie\u0219ti (1570 lei) \u0219i Clubul Sportiv Smart Atletic (Expert proiect) &#8211; 10550 lei&nbsp;<\/p>\n\n\n\n<h3 class=\"wp-block-heading\"><strong>Informa\u021bii relevante&nbsp;<\/strong><\/h3>\n\n\n\n<p>Deoarece activitatea Inspectoratului \u0218colar Jude\u021bean este esen\u021bial\u0103 pentru buna desf\u0103\u0219urare a sistemului de educa\u021bie la nivelul jude\u021bului Prahova, am acordat o aten\u021bie special\u0103 prezen\u021bei \u00een online a domnei inspector \u0219i mai ales a institu\u021biei pe care o conduce. Rezultatele ne arat\u0103 faptul c\u0103 paginile de comunicare ale institu\u021biei au devenit o portavoce a Ministerului Educa\u021biei deoarece redirec\u021bionarea comunicatelor Ministerului Educa\u021biei f\u0103r\u0103 prea multe proiecte \u0219i ini\u021biative private.&nbsp;<\/p>\n\n\n\n<p>Educa\u021bia din jude\u021bul Prahova a fost provocat\u0103 \u00een ultima perioad\u0103 de multe evenimente&nbsp;<\/p>\n\n\n\n<p>care au scos \u00een fa\u021b\u0103 multe minusuri ce pun \u00een pericol accesul elevilor la o educa\u021bie de calitate. \u00cen luna aprilie a acestui an un caz \u0219ocant a zguduit educa\u021bia din Prahova. <a href=\"https:\/\/adevarul.ro\/stiri-interne\/educatie\/reactia-profesoarei-din-prahova-batjocorite-de-2256940.html#google_vignette\">O profesoar\u0103 de limba englez\u0103 este batjocorit\u0103 de elevii s\u0103i<\/a> \u00een timp ce aceasta \u00eencerca s\u0103 le predea copiilor. Dup\u0103 ce aceste imagini apar \u00een mediul online, Inspectoratul \u0218colar Jude\u021bean Prahova deschide o anchet\u0103 ce a dus la oferirea calificativului \u201enesatisf\u0103c\u0103tor\u201d pentru cadrul didactic \u00een cauz\u0103 \u0219i sc\u0103derea notei la purtare cu 6 puncte celor doi elevi agresori. Chiar dac\u0103 acest eveniment nu poate fi agreat, profesoara de limba englez\u0103 a refuzat testarea psihologic\u0103 \u0219i le-a transmis colegilor c\u0103 nu vede nimic \u00een grav \u00een tot ce s-a \u00eent\u00e2mplat. La finalul lunii august doamna inspector a declarat c\u0103 profesoara se va \u00eentoarce la catedr\u0103 din 11 septembrie \u0219i c\u0103 tot ce a putut face Inspectoratul \u0218colar Jude\u021bean Prahova, a fost f\u0103cut.&nbsp;<\/p>\n\n\n\n<p>Rolul inspectoratului \u0219colar jude\u021bean este extrem de important pentru educa\u021bia de la nivelul fiec\u0103rui jude\u021b. Un inspector \u0219colar implicat poate schimba cursul educa\u021biei la nivel local \u0219i poate contribui direct la rezolvarea problemelor din educa\u021bie. Un inspector \u0219colar poate aduce educa\u021bia din Rom\u00e2nia mai aproape de inova\u021bie \u0219i digitalizare prin ac\u021biuni concrete pe care le poate face \u00een jude\u021bul pe care \u00eel coordoneaz\u0103 \u0219i, totodat\u0103, reprezint\u0103 persoana care poate transmite nevoile locale c\u0103tre Ministerul Educa\u021biei. Credem c\u0103 Inspectoratul \u0218colar Jude\u021bean Prahova ar trebui s\u0103 fie mult mai activ \u0219i prezent \u00een comunitate \u0219i online fiindc\u0103 doar a\u0219a poate ar\u0103ta interesul pe care \u00eel are pentru probleme locale&nbsp;<\/p>\n","protected":false},"excerpt":{"rendered":"<p>Experien\u021b\u0103 profesional\u0103 relevant\u0103 pentru func\u021bie Rizea Ilona Claudia conduce Inspectoratul \u0218colar Jude\u021bean Prahova din octombrie 2020 dup\u0103 ce a fost numit\u0103 pe func\u021bie de Ministerul Educa\u021biei prin ordin de ministru. Aceasta este profesoar\u0103 de limba rom\u00e2n\u0103 \u0219i a fost director adjunct la Colegiul Na\u021bional \u201eI.L. Caragiale\u201d din Ploie\u0219ti. \u00cenainte de a fi numit\u0103 inspector general, aceasta a lucrat \u00een aceast\u0103 institu\u021bie ca inspector de management&#8230; <\/p>\n<p class=\"more\"><a class=\"more-link\" href=\"https:\/\/romaniacurata.ro\/monitoruleducatiei\/2023\/09\/26\/afla-cine-este-ilona-rizea-inspectorul-scolar-general-din-prahova\/\">Read More<\/a><\/p>\n","protected":false},"author":19,"featured_media":3059,"comment_status":"open","ping_status":"open","sticky":false,"template":"","format":"standard","meta":{"footnotes":""},"categories":[32],"tags":[],"class_list":["post-3058","post","type-post","status-publish","format-standard","has-post-thumbnail","hentry","category-biografii-parlamentari"],"yoast_head":"<!-- This site is optimized with the Yoast SEO plugin v20.0 - https:\/\/yoast.com\/wordpress\/plugins\/seo\/ -->\n<title>Afl\u0103 cine este Ilona Rizea, inspectorul \u0219colar general din Prahova! - extemporal parlamentar<\/title>\n<meta name=\"robots\" content=\"index, follow, max-snippet:-1, max-image-preview:large, max-video-preview:-1\" \/>\n<link rel=\"canonical\" href=\"https:\/\/romaniacurata.ro\/monitoruleducatiei\/2023\/09\/26\/afla-cine-este-ilona-rizea-inspectorul-scolar-general-din-prahova\/\" \/>\n<meta property=\"og:locale\" content=\"en_US\" \/>\n<meta property=\"og:type\" content=\"article\" \/>\n<meta property=\"og:title\" content=\"Afl\u0103 cine este Ilona Rizea, inspectorul \u0219colar general din Prahova! - extemporal parlamentar\" \/>\n<meta property=\"og:description\" content=\"Experien\u021b\u0103 profesional\u0103 relevant\u0103 pentru func\u021bie Rizea Ilona Claudia conduce Inspectoratul \u0218colar Jude\u021bean Prahova din octombrie 2020 dup\u0103 ce a fost numit\u0103 pe func\u021bie de Ministerul Educa\u021biei prin ordin de ministru. Aceasta este profesoar\u0103 de limba rom\u00e2n\u0103 \u0219i a fost director adjunct la Colegiul Na\u021bional \u201eI.L. Caragiale\u201d din Ploie\u0219ti. \u00cenainte de a fi numit\u0103 inspector general, aceasta a lucrat \u00een aceast\u0103 institu\u021bie ca inspector de management... Read More\" \/>\n<meta property=\"og:url\" content=\"https:\/\/romaniacurata.ro\/monitoruleducatiei\/2023\/09\/26\/afla-cine-este-ilona-rizea-inspectorul-scolar-general-din-prahova\/\" \/>\n<meta property=\"og:site_name\" content=\"extemporal parlamentar\" \/>\n<meta property=\"article:published_time\" content=\"2023-09-26T07:21:35+00:00\" \/>\n<meta property=\"article:modified_time\" content=\"2023-09-26T07:21:37+00:00\" \/>\n<meta property=\"og:image\" content=\"https:\/\/romaniacurata.ro\/monitoruleducatiei\/wp-content\/uploads\/2023\/09\/ilona-rizea.webp\" \/>\n\t<meta property=\"og:image:width\" content=\"400\" \/>\n\t<meta property=\"og:image:height\" content=\"602\" \/>\n\t<meta property=\"og:image:type\" content=\"image\/webp\" \/>\n<meta name=\"author\" content=\"Natanael Iriciuc\" \/>\n<meta name=\"twitter:card\" content=\"summary_large_image\" \/>\n<meta name=\"twitter:label1\" content=\"Written by\" \/>\n\t<meta name=\"twitter:data1\" content=\"Natanael Iriciuc\" \/>\n\t<meta name=\"twitter:label2\" content=\"Est. reading time\" \/>\n\t<meta name=\"twitter:data2\" content=\"3 minutes\" \/>\n<script type=\"application\/ld+json\" class=\"yoast-schema-graph\">{\"@context\":\"https:\/\/schema.org\",\"@graph\":[{\"@type\":\"WebPage\",\"@id\":\"https:\/\/romaniacurata.ro\/monitoruleducatiei\/2023\/09\/26\/afla-cine-este-ilona-rizea-inspectorul-scolar-general-din-prahova\/\",\"url\":\"https:\/\/romaniacurata.ro\/monitoruleducatiei\/2023\/09\/26\/afla-cine-este-ilona-rizea-inspectorul-scolar-general-din-prahova\/\",\"name\":\"Afl\u0103 cine este Ilona Rizea, inspectorul \u0219colar general din Prahova! - extemporal parlamentar\",\"isPartOf\":{\"@id\":\"https:\/\/romaniacurata.ro\/monitoruleducatiei\/#website\"},\"datePublished\":\"2023-09-26T07:21:35+00:00\",\"dateModified\":\"2023-09-26T07:21:37+00:00\",\"author\":{\"@id\":\"https:\/\/romaniacurata.ro\/monitoruleducatiei\/#\/schema\/person\/6dcd524becb1927bdea6de0857c5a31b\"},\"breadcrumb\":{\"@id\":\"https:\/\/romaniacurata.ro\/monitoruleducatiei\/2023\/09\/26\/afla-cine-este-ilona-rizea-inspectorul-scolar-general-din-prahova\/#breadcrumb\"},\"inLanguage\":\"en-US\",\"potentialAction\":[{\"@type\":\"ReadAction\",\"target\":[\"https:\/\/romaniacurata.ro\/monitoruleducatiei\/2023\/09\/26\/afla-cine-este-ilona-rizea-inspectorul-scolar-general-din-prahova\/\"]}]},{\"@type\":\"BreadcrumbList\",\"@id\":\"https:\/\/romaniacurata.ro\/monitoruleducatiei\/2023\/09\/26\/afla-cine-este-ilona-rizea-inspectorul-scolar-general-din-prahova\/#breadcrumb\",\"itemListElement\":[{\"@type\":\"ListItem\",\"position\":1,\"name\":\"Home\",\"item\":\"https:\/\/romaniacurata.ro\/monitoruleducatiei\/\"},{\"@type\":\"ListItem\",\"position\":2,\"name\":\"Afl\u0103 cine este Ilona Rizea, inspectorul \u0219colar general din Prahova!\"}]},{\"@type\":\"WebSite\",\"@id\":\"https:\/\/romaniacurata.ro\/monitoruleducatiei\/#website\",\"url\":\"https:\/\/romaniacurata.ro\/monitoruleducatiei\/\",\"name\":\"extemporal parlamentar\",\"description\":\"\",\"potentialAction\":[{\"@type\":\"SearchAction\",\"target\":{\"@type\":\"EntryPoint\",\"urlTemplate\":\"https:\/\/romaniacurata.ro\/monitoruleducatiei\/?s={search_term_string}\"},\"query-input\":\"required name=search_term_string\"}],\"inLanguage\":\"en-US\"},{\"@type\":\"Person\",\"@id\":\"https:\/\/romaniacurata.ro\/monitoruleducatiei\/#\/schema\/person\/6dcd524becb1927bdea6de0857c5a31b\",\"name\":\"Natanael Iriciuc\",\"image\":{\"@type\":\"ImageObject\",\"inLanguage\":\"en-US\",\"@id\":\"https:\/\/romaniacurata.ro\/monitoruleducatiei\/#\/schema\/person\/image\/\",\"url\":\"https:\/\/secure.gravatar.com\/avatar\/451c75d14366968bc0e9aca279bb27b28d32571ce06449b8b3b5fba80f040b96?s=96&d=mm&r=g\",\"contentUrl\":\"https:\/\/secure.gravatar.com\/avatar\/451c75d14366968bc0e9aca279bb27b28d32571ce06449b8b3b5fba80f040b96?s=96&d=mm&r=g\",\"caption\":\"Natanael Iriciuc\"},\"description\":\"Natanael Iriciuc (Naty) este un t\u00e2n\u0103r din Lugoj, jude\u021bul Timi\u0219 \u0219i viitor student la Facultatea de Drept a Universit\u0103\u0163ii Nicolae Titulescu din Bucure\u015fti. Din 2020 s-a implicat \u00een nenum\u0103rate proiecte de implicare civic\u0103 prin care a \u00eencercat sa aduc\u0103 \u00een fa\u021ba autorit\u0103\u021bilor locale importan\u021ba educa\u021biei. Pentru a putea crea un mecanism prin care elevii din jude\u021bul Timi\u0219 se pot implica, a \u00eenfiin\u021bat Asocia\u021bia Elevilor din Timi\u0219, un ONG ce \u00ee\u0219i dore\u0219te s\u0103 creasc\u0103 gradul de implicare al elevilor din jude\u021bul Timi\u0219 \u00een comunitate.\",\"url\":\"https:\/\/romaniacurata.ro\/monitoruleducatiei\/author\/natanaeliriciuc\/\"}]}<\/script>\n<!-- \/ Yoast SEO plugin. -->","yoast_head_json":{"title":"Afl\u0103 cine este Ilona Rizea, inspectorul \u0219colar general din Prahova! - extemporal parlamentar","robots":{"index":"index","follow":"follow","max-snippet":"max-snippet:-1","max-image-preview":"max-image-preview:large","max-video-preview":"max-video-preview:-1"},"canonical":"https:\/\/romaniacurata.ro\/monitoruleducatiei\/2023\/09\/26\/afla-cine-este-ilona-rizea-inspectorul-scolar-general-din-prahova\/","og_locale":"en_US","og_type":"article","og_title":"Afl\u0103 cine este Ilona Rizea, inspectorul \u0219colar general din Prahova! - extemporal parlamentar","og_description":"Experien\u021b\u0103 profesional\u0103 relevant\u0103 pentru func\u021bie Rizea Ilona Claudia conduce Inspectoratul \u0218colar Jude\u021bean Prahova din octombrie 2020 dup\u0103 ce a fost numit\u0103 pe func\u021bie de Ministerul Educa\u021biei prin ordin de ministru. Aceasta este profesoar\u0103 de limba rom\u00e2n\u0103 \u0219i a fost director adjunct la Colegiul Na\u021bional \u201eI.L. Caragiale\u201d din Ploie\u0219ti. \u00cenainte de a fi numit\u0103 inspector general, aceasta a lucrat \u00een aceast\u0103 institu\u021bie ca inspector de management... Read More","og_url":"https:\/\/romaniacurata.ro\/monitoruleducatiei\/2023\/09\/26\/afla-cine-este-ilona-rizea-inspectorul-scolar-general-din-prahova\/","og_site_name":"extemporal parlamentar","article_published_time":"2023-09-26T07:21:35+00:00","article_modified_time":"2023-09-26T07:21:37+00:00","og_image":[{"width":400,"height":602,"url":"https:\/\/romaniacurata.ro\/monitoruleducatiei\/wp-content\/uploads\/2023\/09\/ilona-rizea.webp","type":"image\/webp"}],"author":"Natanael Iriciuc","twitter_card":"summary_large_image","twitter_misc":{"Written by":"Natanael Iriciuc","Est. reading time":"3 minutes"},"schema":{"@context":"https:\/\/schema.org","@graph":[{"@type":"WebPage","@id":"https:\/\/romaniacurata.ro\/monitoruleducatiei\/2023\/09\/26\/afla-cine-este-ilona-rizea-inspectorul-scolar-general-din-prahova\/","url":"https:\/\/romaniacurata.ro\/monitoruleducatiei\/2023\/09\/26\/afla-cine-este-ilona-rizea-inspectorul-scolar-general-din-prahova\/","name":"Afl\u0103 cine este Ilona Rizea, inspectorul \u0219colar general din Prahova! - extemporal parlamentar","isPartOf":{"@id":"https:\/\/romaniacurata.ro\/monitoruleducatiei\/#website"},"datePublished":"2023-09-26T07:21:35+00:00","dateModified":"2023-09-26T07:21:37+00:00","author":{"@id":"https:\/\/romaniacurata.ro\/monitoruleducatiei\/#\/schema\/person\/6dcd524becb1927bdea6de0857c5a31b"},"breadcrumb":{"@id":"https:\/\/romaniacurata.ro\/monitoruleducatiei\/2023\/09\/26\/afla-cine-este-ilona-rizea-inspectorul-scolar-general-din-prahova\/#breadcrumb"},"inLanguage":"en-US","potentialAction":[{"@type":"ReadAction","target":["https:\/\/romaniacurata.ro\/monitoruleducatiei\/2023\/09\/26\/afla-cine-este-ilona-rizea-inspectorul-scolar-general-din-prahova\/"]}]},{"@type":"BreadcrumbList","@id":"https:\/\/romaniacurata.ro\/monitoruleducatiei\/2023\/09\/26\/afla-cine-este-ilona-rizea-inspectorul-scolar-general-din-prahova\/#breadcrumb","itemListElement":[{"@type":"ListItem","position":1,"name":"Home","item":"https:\/\/romaniacurata.ro\/monitoruleducatiei\/"},{"@type":"ListItem","position":2,"name":"Afl\u0103 cine este Ilona Rizea, inspectorul \u0219colar general din Prahova!"}]},{"@type":"WebSite","@id":"https:\/\/romaniacurata.ro\/monitoruleducatiei\/#website","url":"https:\/\/romaniacurata.ro\/monitoruleducatiei\/","name":"extemporal parlamentar","description":"","potentialAction":[{"@type":"SearchAction","target":{"@type":"EntryPoint","urlTemplate":"https:\/\/romaniacurata.ro\/monitoruleducatiei\/?s={search_term_string}"},"query-input":"required name=search_term_string"}],"inLanguage":"en-US"},{"@type":"Person","@id":"https:\/\/romaniacurata.ro\/monitoruleducatiei\/#\/schema\/person\/6dcd524becb1927bdea6de0857c5a31b","name":"Natanael Iriciuc","image":{"@type":"ImageObject","inLanguage":"en-US","@id":"https:\/\/romaniacurata.ro\/monitoruleducatiei\/#\/schema\/person\/image\/","url":"https:\/\/secure.gravatar.com\/avatar\/451c75d14366968bc0e9aca279bb27b28d32571ce06449b8b3b5fba80f040b96?s=96&d=mm&r=g","contentUrl":"https:\/\/secure.gravatar.com\/avatar\/451c75d14366968bc0e9aca279bb27b28d32571ce06449b8b3b5fba80f040b96?s=96&d=mm&r=g","caption":"Natanael Iriciuc"},"description":"Natanael Iriciuc (Naty) este un t\u00e2n\u0103r din Lugoj, jude\u021bul Timi\u0219 \u0219i viitor student la Facultatea de Drept a Universit\u0103\u0163ii Nicolae Titulescu din Bucure\u015fti. Din 2020 s-a implicat \u00een nenum\u0103rate proiecte de implicare civic\u0103 prin care a \u00eencercat sa aduc\u0103 \u00een fa\u021ba autorit\u0103\u021bilor locale importan\u021ba educa\u021biei. Pentru a putea crea un mecanism prin care elevii din jude\u021bul Timi\u0219 se pot implica, a \u00eenfiin\u021bat Asocia\u021bia Elevilor din Timi\u0219, un ONG ce \u00ee\u0219i dore\u0219te s\u0103 creasc\u0103 gradul de implicare al elevilor din jude\u021bul Timi\u0219 \u00een comunitate.","url":"https:\/\/romaniacurata.ro\/monitoruleducatiei\/author\/natanaeliriciuc\/"}]}},"_links":{"self":[{"href":"https:\/\/romaniacurata.ro\/monitoruleducatiei\/wp-json\/wp\/v2\/posts\/3058","targetHints":{"allow":["GET"]}}],"collection":[{"href":"https:\/\/romaniacurata.ro\/monitoruleducatiei\/wp-json\/wp\/v2\/posts"}],"about":[{"href":"https:\/\/romaniacurata.ro\/monitoruleducatiei\/wp-json\/wp\/v2\/types\/post"}],"author":[{"embeddable":true,"href":"https:\/\/romaniacurata.ro\/monitoruleducatiei\/wp-json\/wp\/v2\/users\/19"}],"replies":[{"embeddable":true,"href":"https:\/\/romaniacurata.ro\/monitoruleducatiei\/wp-json\/wp\/v2\/comments?post=3058"}],"version-history":[{"count":1,"href":"https:\/\/romaniacurata.ro\/monitoruleducatiei\/wp-json\/wp\/v2\/posts\/3058\/revisions"}],"predecessor-version":[{"id":3060,"href":"https:\/\/romaniacurata.ro\/monitoruleducatiei\/wp-json\/wp\/v2\/posts\/3058\/revisions\/3060"}],"wp:featuredmedia":[{"embeddable":true,"href":"https:\/\/romaniacurata.ro\/monitoruleducatiei\/wp-json\/wp\/v2\/media\/3059"}],"wp:attachment":[{"href":"https:\/\/romaniacurata.ro\/monitoruleducatiei\/wp-json\/wp\/v2\/media?parent=3058"}],"wp:term":[{"taxonomy":"category","embeddable":true,"href":"https:\/\/romaniacurata.ro\/monitoruleducatiei\/wp-json\/wp\/v2\/categories?post=3058"},{"taxonomy":"post_tag","embeddable":true,"href":"https:\/\/romaniacurata.ro\/monitoruleducatiei\/wp-json\/wp\/v2\/tags?post=3058"}],"curies":[{"name":"wp","href":"https:\/\/api.w.org\/{rel}","templated":true}]}}