{"id":13,"name":"\u0218tefan Busuioc-Trandafir","url":"","description":"\u0218tefan Busuioc-Trandafir are 16 ani, provine din Constan\u021ba \u0219i are un spirit de observa\u021bie fin \u0219i cu o puternic\u0103 for\u021b\u0103 de analiz\u0103.\r\n\r\n<em>\u201eConsider c\u0103 \u00een orice societate democratic\u0103, este nevoie ca poporul, nu numai \u00een calitate de beneficiari ai sistemului, ci \u015fi \u00een calitate de component\u0103 esen\u021bial\u0103 a sa, trebuie s\u0103-\u015fi \u021bin\u0103 corpul guvernant responsabil pentru ac\u021biunile pe care dore\u015fte a le lua.\u201d<\/em>","link":"https:\/\/romaniacurata.ro\/monitoruleducatiei\/author\/stefanbusuioc\/","slug":"stefanbusuioc","avatar_urls":{"24":"https:\/\/secure.gravatar.com\/avatar\/51497d9b10515ccf00839c9b35a423a4247bb1d1cd72c411aea533cc774efb97?s=24&d=mm&r=g","48":"https:\/\/secure.gravatar.com\/avatar\/51497d9b10515ccf00839c9b35a423a4247bb1d1cd72c411aea533cc774efb97?s=48&d=mm&r=g","96":"https:\/\/secure.gravatar.com\/avatar\/51497d9b10515ccf00839c9b35a423a4247bb1d1cd72c411aea533cc774efb97?s=96&d=mm&r=g"},"meta":[],"yoast_head":"<!-- This site is optimized with the Yoast SEO plugin v20.0 - https:\/\/yoast.com\/wordpress\/plugins\/seo\/ -->\n<title>\u0218tefan Busuioc-Trandafir, Author at extemporal parlamentar<\/title>\n<meta name=\"robots\" content=\"index, follow, max-snippet:-1, max-image-preview:large, max-video-preview:-1\" \/>\n<link rel=\"canonical\" href=\"https:\/\/romaniacurata.ro\/monitoruleducatiei\/author\/stefanbusuioc\/\" \/>\n<meta property=\"og:locale\" content=\"en_US\" \/>\n<meta property=\"og:type\" content=\"profile\" \/>\n<meta property=\"og:title\" content=\"\u0218tefan Busuioc-Trandafir, Author at extemporal parlamentar\" \/>\n<meta property=\"og:url\" content=\"https:\/\/romaniacurata.ro\/monitoruleducatiei\/author\/stefanbusuioc\/\" \/>\n<meta property=\"og:site_name\" content=\"extemporal parlamentar\" \/>\n<meta property=\"og:image\" content=\"https:\/\/secure.gravatar.com\/avatar\/264cf44f33f2a6ea1ceb02166d7fd72c?s=500&d=mm&r=g\" \/>\n<meta name=\"twitter:card\" content=\"summary_large_image\" \/>\n<script type=\"application\/ld+json\" class=\"yoast-schema-graph\">{\"@context\":\"https:\/\/schema.org\",\"@graph\":[{\"@type\":\"ProfilePage\",\"@id\":\"https:\/\/romaniacurata.ro\/monitoruleducatiei\/author\/stefanbusuioc\/\",\"url\":\"https:\/\/romaniacurata.ro\/monitoruleducatiei\/author\/stefanbusuioc\/\",\"name\":\"\u0218tefan Busuioc-Trandafir, Author at extemporal parlamentar\",\"isPartOf\":{\"@id\":\"https:\/\/romaniacurata.ro\/monitoruleducatiei\/#website\"},\"breadcrumb\":{\"@id\":\"https:\/\/romaniacurata.ro\/monitoruleducatiei\/author\/stefanbusuioc\/#breadcrumb\"},\"inLanguage\":\"en-US\",\"potentialAction\":[{\"@type\":\"ReadAction\",\"target\":[\"https:\/\/romaniacurata.ro\/monitoruleducatiei\/author\/stefanbusuioc\/\"]}]},{\"@type\":\"BreadcrumbList\",\"@id\":\"https:\/\/romaniacurata.ro\/monitoruleducatiei\/author\/stefanbusuioc\/#breadcrumb\",\"itemListElement\":[{\"@type\":\"ListItem\",\"position\":1,\"name\":\"Home\",\"item\":\"https:\/\/romaniacurata.ro\/monitoruleducatiei\/\"},{\"@type\":\"ListItem\",\"position\":2,\"name\":\"Archives for \u0218tefan Busuioc-Trandafir\"}]},{\"@type\":\"WebSite\",\"@id\":\"https:\/\/romaniacurata.ro\/monitoruleducatiei\/#website\",\"url\":\"https:\/\/romaniacurata.ro\/monitoruleducatiei\/\",\"name\":\"extemporal parlamentar\",\"description\":\"\",\"potentialAction\":[{\"@type\":\"SearchAction\",\"target\":{\"@type\":\"EntryPoint\",\"urlTemplate\":\"https:\/\/romaniacurata.ro\/monitoruleducatiei\/?s={search_term_string}\"},\"query-input\":\"required name=search_term_string\"}],\"inLanguage\":\"en-US\"},{\"@type\":\"Person\",\"@id\":\"https:\/\/romaniacurata.ro\/monitoruleducatiei\/#\/schema\/person\/38a20d0cb4c2ab3ec009ff8c1e8f606b\",\"name\":\"\u0218tefan Busuioc-Trandafir\",\"image\":{\"@type\":\"ImageObject\",\"inLanguage\":\"en-US\",\"@id\":\"https:\/\/romaniacurata.ro\/monitoruleducatiei\/#\/schema\/person\/image\/\",\"url\":\"https:\/\/secure.gravatar.com\/avatar\/51497d9b10515ccf00839c9b35a423a4247bb1d1cd72c411aea533cc774efb97?s=96&d=mm&r=g\",\"contentUrl\":\"https:\/\/secure.gravatar.com\/avatar\/51497d9b10515ccf00839c9b35a423a4247bb1d1cd72c411aea533cc774efb97?s=96&d=mm&r=g\",\"caption\":\"\u0218tefan Busuioc-Trandafir\"},\"description\":\"\u0218tefan Busuioc-Trandafir are 16 ani, provine din Constan\u021ba \u0219i are un spirit de observa\u021bie fin \u0219i cu o puternic\u0103 for\u021b\u0103 de analiz\u0103. \u201eConsider c\u0103 \u00een orice societate democratic\u0103, este nevoie ca poporul, nu numai \u00een calitate de beneficiari ai sistemului, ci \u015fi \u00een calitate de component\u0103 esen\u021bial\u0103 a sa, trebuie s\u0103-\u015fi \u021bin\u0103 corpul guvernant responsabil pentru ac\u021biunile pe care dore\u015fte a le lua.\u201d\",\"mainEntityOfPage\":{\"@id\":\"https:\/\/romaniacurata.ro\/monitoruleducatiei\/author\/stefanbusuioc\/\"}}]}<\/script>\n<!-- \/ Yoast SEO plugin. -->","yoast_head_json":{"title":"\u0218tefan Busuioc-Trandafir, Author at extemporal parlamentar","robots":{"index":"index","follow":"follow","max-snippet":"max-snippet:-1","max-image-preview":"max-image-preview:large","max-video-preview":"max-video-preview:-1"},"canonical":"https:\/\/romaniacurata.ro\/monitoruleducatiei\/author\/stefanbusuioc\/","og_locale":"en_US","og_type":"profile","og_title":"\u0218tefan Busuioc-Trandafir, Author at extemporal parlamentar","og_url":"https:\/\/romaniacurata.ro\/monitoruleducatiei\/author\/stefanbusuioc\/","og_site_name":"extemporal parlamentar","og_image":[{"url":"https:\/\/secure.gravatar.com\/avatar\/264cf44f33f2a6ea1ceb02166d7fd72c?s=500&d=mm&r=g"}],"twitter_card":"summary_large_image","schema":{"@context":"https:\/\/schema.org","@graph":[{"@type":"ProfilePage","@id":"https:\/\/romaniacurata.ro\/monitoruleducatiei\/author\/stefanbusuioc\/","url":"https:\/\/romaniacurata.ro\/monitoruleducatiei\/author\/stefanbusuioc\/","name":"\u0218tefan Busuioc-Trandafir, Author at extemporal parlamentar","isPartOf":{"@id":"https:\/\/romaniacurata.ro\/monitoruleducatiei\/#website"},"breadcrumb":{"@id":"https:\/\/romaniacurata.ro\/monitoruleducatiei\/author\/stefanbusuioc\/#breadcrumb"},"inLanguage":"en-US","potentialAction":[{"@type":"ReadAction","target":["https:\/\/romaniacurata.ro\/monitoruleducatiei\/author\/stefanbusuioc\/"]}]},{"@type":"BreadcrumbList","@id":"https:\/\/romaniacurata.ro\/monitoruleducatiei\/author\/stefanbusuioc\/#breadcrumb","itemListElement":[{"@type":"ListItem","position":1,"name":"Home","item":"https:\/\/romaniacurata.ro\/monitoruleducatiei\/"},{"@type":"ListItem","position":2,"name":"Archives for \u0218tefan Busuioc-Trandafir"}]},{"@type":"WebSite","@id":"https:\/\/romaniacurata.ro\/monitoruleducatiei\/#website","url":"https:\/\/romaniacurata.ro\/monitoruleducatiei\/","name":"extemporal parlamentar","description":"","potentialAction":[{"@type":"SearchAction","target":{"@type":"EntryPoint","urlTemplate":"https:\/\/romaniacurata.ro\/monitoruleducatiei\/?s={search_term_string}"},"query-input":"required name=search_term_string"}],"inLanguage":"en-US"},{"@type":"Person","@id":"https:\/\/romaniacurata.ro\/monitoruleducatiei\/#\/schema\/person\/38a20d0cb4c2ab3ec009ff8c1e8f606b","name":"\u0218tefan Busuioc-Trandafir","image":{"@type":"ImageObject","inLanguage":"en-US","@id":"https:\/\/romaniacurata.ro\/monitoruleducatiei\/#\/schema\/person\/image\/","url":"https:\/\/secure.gravatar.com\/avatar\/51497d9b10515ccf00839c9b35a423a4247bb1d1cd72c411aea533cc774efb97?s=96&d=mm&r=g","contentUrl":"https:\/\/secure.gravatar.com\/avatar\/51497d9b10515ccf00839c9b35a423a4247bb1d1cd72c411aea533cc774efb97?s=96&d=mm&r=g","caption":"\u0218tefan Busuioc-Trandafir"},"description":"\u0218tefan Busuioc-Trandafir are 16 ani, provine din Constan\u021ba \u0219i are un spirit de observa\u021bie fin \u0219i cu o puternic\u0103 for\u021b\u0103 de analiz\u0103. \u201eConsider c\u0103 \u00een orice societate democratic\u0103, este nevoie ca poporul, nu numai \u00een calitate de beneficiari ai sistemului, ci \u015fi \u00een calitate de component\u0103 esen\u021bial\u0103 a sa, trebuie s\u0103-\u015fi \u021bin\u0103 corpul guvernant responsabil pentru ac\u021biunile pe care dore\u015fte a le lua.\u201d","mainEntityOfPage":{"@id":"https:\/\/romaniacurata.ro\/monitoruleducatiei\/author\/stefanbusuioc\/"}}]}},"_links":{"self":[{"href":"https:\/\/romaniacurata.ro\/monitoruleducatiei\/wp-json\/wp\/v2\/users\/13","targetHints":{"allow":["GET"]}}],"collection":[{"href":"https:\/\/romaniacurata.ro\/monitoruleducatiei\/wp-json\/wp\/v2\/users"}]}}