{"id":8,"name":"Delia-Miruna Corbu","url":"","description":"Delia Miruna Corbu are 19 ani, vine din Bucure\u0219ti \u0219i este student\u0103 la Facultatea de Drept din cadrul Universit\u0103\u021bii Bucure\u0219ti.\r\n\r\n<em>\u201eAm fost martora unor nedrept\u0103\u021bi din sistemul de \u00eenv\u0103\u021b\u0103m\u00e2nt, ni\u0219te erori umane, dar, \u00eens\u0103, inacceptabile \u00een situa\u021bia actual\u0103. Prin acest demers, caut s\u0103 informez tinerii intr-un limbaj adecvat con\u0219tiin\u021belor in formare pe care ace\u0219tia, desigur, inclusiv eu, le posed\u0103.\u201d\u00a0<\/em>","link":"https:\/\/romaniacurata.ro\/monitoruleducatiei\/author\/deliacorbu\/","slug":"deliacorbu","avatar_urls":{"24":"https:\/\/secure.gravatar.com\/avatar\/8b54d9695a1d2cfa5f825986be8db4108653a1f0474ab698c2e9d77e2ddaa09f?s=24&d=mm&r=g","48":"https:\/\/secure.gravatar.com\/avatar\/8b54d9695a1d2cfa5f825986be8db4108653a1f0474ab698c2e9d77e2ddaa09f?s=48&d=mm&r=g","96":"https:\/\/secure.gravatar.com\/avatar\/8b54d9695a1d2cfa5f825986be8db4108653a1f0474ab698c2e9d77e2ddaa09f?s=96&d=mm&r=g"},"meta":[],"yoast_head":"<!-- This site is optimized with the Yoast SEO plugin v20.0 - https:\/\/yoast.com\/wordpress\/plugins\/seo\/ -->\n<title>Delia-Miruna Corbu, Author at extemporal parlamentar<\/title>\n<meta name=\"robots\" content=\"index, follow, max-snippet:-1, max-image-preview:large, max-video-preview:-1\" \/>\n<link rel=\"canonical\" href=\"https:\/\/romaniacurata.ro\/monitoruleducatiei\/author\/deliacorbu\/\" \/>\n<meta property=\"og:locale\" content=\"en_US\" \/>\n<meta property=\"og:type\" content=\"profile\" \/>\n<meta property=\"og:title\" content=\"Delia-Miruna Corbu, Author at extemporal parlamentar\" \/>\n<meta property=\"og:url\" content=\"https:\/\/romaniacurata.ro\/monitoruleducatiei\/author\/deliacorbu\/\" \/>\n<meta property=\"og:site_name\" content=\"extemporal parlamentar\" \/>\n<meta property=\"og:image\" content=\"https:\/\/secure.gravatar.com\/avatar\/a8fc6350d5483ac6cf0dfb6842017cd1?s=500&d=mm&r=g\" \/>\n<meta name=\"twitter:card\" content=\"summary_large_image\" \/>\n<script type=\"application\/ld+json\" class=\"yoast-schema-graph\">{\"@context\":\"https:\/\/schema.org\",\"@graph\":[{\"@type\":\"ProfilePage\",\"@id\":\"https:\/\/romaniacurata.ro\/monitoruleducatiei\/author\/deliacorbu\/\",\"url\":\"https:\/\/romaniacurata.ro\/monitoruleducatiei\/author\/deliacorbu\/\",\"name\":\"Delia-Miruna Corbu, Author at extemporal parlamentar\",\"isPartOf\":{\"@id\":\"https:\/\/romaniacurata.ro\/monitoruleducatiei\/#website\"},\"breadcrumb\":{\"@id\":\"https:\/\/romaniacurata.ro\/monitoruleducatiei\/author\/deliacorbu\/#breadcrumb\"},\"inLanguage\":\"en-US\",\"potentialAction\":[{\"@type\":\"ReadAction\",\"target\":[\"https:\/\/romaniacurata.ro\/monitoruleducatiei\/author\/deliacorbu\/\"]}]},{\"@type\":\"BreadcrumbList\",\"@id\":\"https:\/\/romaniacurata.ro\/monitoruleducatiei\/author\/deliacorbu\/#breadcrumb\",\"itemListElement\":[{\"@type\":\"ListItem\",\"position\":1,\"name\":\"Home\",\"item\":\"https:\/\/romaniacurata.ro\/monitoruleducatiei\/\"},{\"@type\":\"ListItem\",\"position\":2,\"name\":\"Archives for Delia-Miruna Corbu\"}]},{\"@type\":\"WebSite\",\"@id\":\"https:\/\/romaniacurata.ro\/monitoruleducatiei\/#website\",\"url\":\"https:\/\/romaniacurata.ro\/monitoruleducatiei\/\",\"name\":\"extemporal parlamentar\",\"description\":\"\",\"potentialAction\":[{\"@type\":\"SearchAction\",\"target\":{\"@type\":\"EntryPoint\",\"urlTemplate\":\"https:\/\/romaniacurata.ro\/monitoruleducatiei\/?s={search_term_string}\"},\"query-input\":\"required name=search_term_string\"}],\"inLanguage\":\"en-US\"},{\"@type\":\"Person\",\"@id\":\"https:\/\/romaniacurata.ro\/monitoruleducatiei\/#\/schema\/person\/aaf0fe0b73a45b6fb2351f4448943f1d\",\"name\":\"Delia-Miruna Corbu\",\"image\":{\"@type\":\"ImageObject\",\"inLanguage\":\"en-US\",\"@id\":\"https:\/\/romaniacurata.ro\/monitoruleducatiei\/#\/schema\/person\/image\/\",\"url\":\"https:\/\/secure.gravatar.com\/avatar\/8b54d9695a1d2cfa5f825986be8db4108653a1f0474ab698c2e9d77e2ddaa09f?s=96&d=mm&r=g\",\"contentUrl\":\"https:\/\/secure.gravatar.com\/avatar\/8b54d9695a1d2cfa5f825986be8db4108653a1f0474ab698c2e9d77e2ddaa09f?s=96&d=mm&r=g\",\"caption\":\"Delia-Miruna Corbu\"},\"description\":\"Delia Miruna Corbu are 19 ani, vine din Bucure\u0219ti \u0219i este student\u0103 la Facultatea de Drept din cadrul Universit\u0103\u021bii Bucure\u0219ti. \u201eAm fost martora unor nedrept\u0103\u021bi din sistemul de \u00eenv\u0103\u021b\u0103m\u00e2nt, ni\u0219te erori umane, dar, \u00eens\u0103, inacceptabile \u00een situa\u021bia actual\u0103. Prin acest demers, caut s\u0103 informez tinerii intr-un limbaj adecvat con\u0219tiin\u021belor in formare pe care ace\u0219tia, desigur, inclusiv eu, le posed\u0103.\u201d\u00a0\",\"mainEntityOfPage\":{\"@id\":\"https:\/\/romaniacurata.ro\/monitoruleducatiei\/author\/deliacorbu\/\"}}]}<\/script>\n<!-- \/ Yoast SEO plugin. -->","yoast_head_json":{"title":"Delia-Miruna Corbu, Author at extemporal parlamentar","robots":{"index":"index","follow":"follow","max-snippet":"max-snippet:-1","max-image-preview":"max-image-preview:large","max-video-preview":"max-video-preview:-1"},"canonical":"https:\/\/romaniacurata.ro\/monitoruleducatiei\/author\/deliacorbu\/","og_locale":"en_US","og_type":"profile","og_title":"Delia-Miruna Corbu, Author at extemporal parlamentar","og_url":"https:\/\/romaniacurata.ro\/monitoruleducatiei\/author\/deliacorbu\/","og_site_name":"extemporal parlamentar","og_image":[{"url":"https:\/\/secure.gravatar.com\/avatar\/a8fc6350d5483ac6cf0dfb6842017cd1?s=500&d=mm&r=g"}],"twitter_card":"summary_large_image","schema":{"@context":"https:\/\/schema.org","@graph":[{"@type":"ProfilePage","@id":"https:\/\/romaniacurata.ro\/monitoruleducatiei\/author\/deliacorbu\/","url":"https:\/\/romaniacurata.ro\/monitoruleducatiei\/author\/deliacorbu\/","name":"Delia-Miruna Corbu, Author at extemporal parlamentar","isPartOf":{"@id":"https:\/\/romaniacurata.ro\/monitoruleducatiei\/#website"},"breadcrumb":{"@id":"https:\/\/romaniacurata.ro\/monitoruleducatiei\/author\/deliacorbu\/#breadcrumb"},"inLanguage":"en-US","potentialAction":[{"@type":"ReadAction","target":["https:\/\/romaniacurata.ro\/monitoruleducatiei\/author\/deliacorbu\/"]}]},{"@type":"BreadcrumbList","@id":"https:\/\/romaniacurata.ro\/monitoruleducatiei\/author\/deliacorbu\/#breadcrumb","itemListElement":[{"@type":"ListItem","position":1,"name":"Home","item":"https:\/\/romaniacurata.ro\/monitoruleducatiei\/"},{"@type":"ListItem","position":2,"name":"Archives for Delia-Miruna Corbu"}]},{"@type":"WebSite","@id":"https:\/\/romaniacurata.ro\/monitoruleducatiei\/#website","url":"https:\/\/romaniacurata.ro\/monitoruleducatiei\/","name":"extemporal parlamentar","description":"","potentialAction":[{"@type":"SearchAction","target":{"@type":"EntryPoint","urlTemplate":"https:\/\/romaniacurata.ro\/monitoruleducatiei\/?s={search_term_string}"},"query-input":"required name=search_term_string"}],"inLanguage":"en-US"},{"@type":"Person","@id":"https:\/\/romaniacurata.ro\/monitoruleducatiei\/#\/schema\/person\/aaf0fe0b73a45b6fb2351f4448943f1d","name":"Delia-Miruna Corbu","image":{"@type":"ImageObject","inLanguage":"en-US","@id":"https:\/\/romaniacurata.ro\/monitoruleducatiei\/#\/schema\/person\/image\/","url":"https:\/\/secure.gravatar.com\/avatar\/8b54d9695a1d2cfa5f825986be8db4108653a1f0474ab698c2e9d77e2ddaa09f?s=96&d=mm&r=g","contentUrl":"https:\/\/secure.gravatar.com\/avatar\/8b54d9695a1d2cfa5f825986be8db4108653a1f0474ab698c2e9d77e2ddaa09f?s=96&d=mm&r=g","caption":"Delia-Miruna Corbu"},"description":"Delia Miruna Corbu are 19 ani, vine din Bucure\u0219ti \u0219i este student\u0103 la Facultatea de Drept din cadrul Universit\u0103\u021bii Bucure\u0219ti. \u201eAm fost martora unor nedrept\u0103\u021bi din sistemul de \u00eenv\u0103\u021b\u0103m\u00e2nt, ni\u0219te erori umane, dar, \u00eens\u0103, inacceptabile \u00een situa\u021bia actual\u0103. Prin acest demers, caut s\u0103 informez tinerii intr-un limbaj adecvat con\u0219tiin\u021belor in formare pe care ace\u0219tia, desigur, inclusiv eu, le posed\u0103.\u201d\u00a0","mainEntityOfPage":{"@id":"https:\/\/romaniacurata.ro\/monitoruleducatiei\/author\/deliacorbu\/"}}]}},"_links":{"self":[{"href":"https:\/\/romaniacurata.ro\/monitoruleducatiei\/wp-json\/wp\/v2\/users\/8","targetHints":{"allow":["GET"]}}],"collection":[{"href":"https:\/\/romaniacurata.ro\/monitoruleducatiei\/wp-json\/wp\/v2\/users"}]}}